{"id":60429,"date":"2022-07-18T17:38:12","date_gmt":"2022-07-18T20:38:12","guid":{"rendered":"https:\/\/www.centraldenoticias.com.ar\/?p=60429"},"modified":"2022-07-18T17:38:12","modified_gmt":"2022-07-18T20:38:12","slug":"avanza-la-obra-del-instituto-de-educacion-fisica","status":"publish","type":"post","link":"https:\/\/cdnoticias.com\/index.php\/2022\/07\/18\/avanza-la-obra-del-instituto-de-educacion-fisica\/","title":{"rendered":"Avanza la obra del Instituto de Educaci\u00f3n F\u00edsica"},"content":{"rendered":"<p>En la ma\u00f1ana de este lunes el intendente Ezequiel Galli visit\u00f3 la obra de construcci\u00f3n. Se trata de una inversi\u00f3n de m\u00e1s de 100 millones de pesos. <!--more--><\/p>\n<hr \/>\n<p>&nbsp;<\/p>\n<p>En la ma\u00f1ana de este lunes el <strong>intendente Ezequiel Galli visit\u00f3 la obra de construcci\u00f3n del Instituto de Educaci\u00f3n F\u00edsica<\/strong> (ISFD N\u00ba47), que se est\u00e1 llevando a cabo en el mismo sitio donde se emplazar\u00e1 el <strong>Complejo Deportivo Municipal.<\/strong><\/p>\n<p>&nbsp;<\/p>\n<p>De la recorrida tambi\u00e9n tomaron parte los secretarios de Mantenimiento y Obras P\u00fablicas <strong>Julio Ferraro, <\/strong>de Desarrollo Humano y Calidad de Vida <strong>Diego Robbiani,<\/strong> y de Gobierno <strong>Hilario Galli.<\/strong> El edificio, que tendr\u00e1 m\u00e1s de 1000 metros cuadrados,<strong> presenta un grado de avance cercano al 30%.<\/strong><\/p>\n<p>&nbsp;<\/p>\n<p><em><strong>\u201cEstamos muy conformes con el grado de avance que tiene esta obra, que es representativa para nosotros porque incluye obra p\u00fablica, educaci\u00f3n y deporte, que est\u00e1 \u00edntimamente relacionado con la salud de los olavarrienses\u201d<\/strong><\/em>, enfatiz\u00f3 <strong>Ezequiel Galli<\/strong> tras la visita al lugar ubicado en el mismo predio donde se encuentra la pista municipal de atletismo.<\/p>\n<p>&nbsp;<\/p>\n<p><img data-recalc-dims=\"1\" loading=\"lazy\" decoding=\"async\" class=\"aligncenter wp-image-60435 size-large\" src=\"https:\/\/i0.wp.com\/cdnoticias.com\/wp-content\/uploads\/2022\/07\/Obras-Construccion-Edificio-EF-1-scaled-1.jpg?resize=800%2C534&#038;ssl=1\" alt=\"\" width=\"800\" height=\"534\" srcset=\"https:\/\/i0.wp.com\/cdnoticias.com\/wp-content\/uploads\/2022\/07\/Obras-Construccion-Edificio-EF-1-scaled-1.jpg?resize=1024%2C684&amp;ssl=1 1024w, https:\/\/i0.wp.com\/cdnoticias.com\/wp-content\/uploads\/2022\/07\/Obras-Construccion-Edificio-EF-1-scaled-1.jpg?resize=300%2C201&amp;ssl=1 300w, https:\/\/i0.wp.com\/cdnoticias.com\/wp-content\/uploads\/2022\/07\/Obras-Construccion-Edificio-EF-1-scaled-1.jpg?resize=768%2C513&amp;ssl=1 768w, https:\/\/i0.wp.com\/cdnoticias.com\/wp-content\/uploads\/2022\/07\/Obras-Construccion-Edificio-EF-1-scaled-1.jpg?resize=1536%2C1027&amp;ssl=1 1536w, https:\/\/i0.wp.com\/cdnoticias.com\/wp-content\/uploads\/2022\/07\/Obras-Construccion-Edificio-EF-1-scaled-1.jpg?resize=2048%2C1369&amp;ssl=1 2048w, https:\/\/i0.wp.com\/cdnoticias.com\/wp-content\/uploads\/2022\/07\/Obras-Construccion-Edificio-EF-1-scaled-1.jpg?resize=272%2C182&amp;ssl=1 272w, https:\/\/i0.wp.com\/cdnoticias.com\/wp-content\/uploads\/2022\/07\/Obras-Construccion-Edificio-EF-1-scaled-1.jpg?w=1600&amp;ssl=1 1600w, https:\/\/i0.wp.com\/cdnoticias.com\/wp-content\/uploads\/2022\/07\/Obras-Construccion-Edificio-EF-1-scaled-1.jpg?w=2400&amp;ssl=1 2400w\" sizes=\"auto, (max-width: 800px) 100vw, 800px\" \/><\/p>\n<p>&nbsp;<\/p>\n<p>Adem\u00e1s, el jefe comunal indic\u00f3 que<strong> \u201cla semana pasada anunciamos la construcci\u00f3n del edificio para la Secundaria N\u00b0 22 en el barrio Los Robles,<\/strong> y vamos a seguir por este camino que es el de <strong>apostar por la educaci\u00f3n<\/strong>. <strong>Nuestro compromiso fue, es y ser\u00e1 mejorar la calidad educativa de los vecinos y no nos vamos a detener<\/strong>\u201d, concluy\u00f3.<\/p>\n<p>&nbsp;<\/p>\n<p>La obra de la nueva casa del ISFD N\u00b0 47 se trata de una<strong> inversi\u00f3n de m\u00e1s de 100 millones de pesos<\/strong> y contempla la construcci\u00f3n de ocho aulas, biblioteca, sal\u00f3n de usos m\u00faltiples, dep\u00f3sito, sala de m\u00e1quinas, oficinas administrativas (preceptor\u00eda, secretar\u00eda, director\/a, sala de reuniones, office y sanitarios). En otra \u00e1rea se ubicar\u00e1n los grupos de sanitarios para la comunidad estudiantil, ba\u00f1os damas, caballeros y para personas con discapacidad, que contar\u00e1 con sector de duchas, dep\u00f3sito y sala de m\u00e1quinas.<\/p>\n<p>&nbsp;<\/p>\n<p>Por \u00faltimo, vale recordar que el proyecto fue anunciado por el intendente Ezequiel Galli en el pasado mes de octubre en el Centro Cultural Municipal \u201cSan Jos\u00e9\u201d,<strong> en el marco del 50\u00ba Aniversario del Instituto de Educaci\u00f3n F\u00edsica<\/strong>. En tanto, la construcci\u00f3n fue incluida en el Presupuesto 2022, siendo licitada el d\u00eda 21 de febrero, con la presentaci\u00f3n de cuatro empresas, resultando adjudicataria la firma Vigas y Bloques S.R.L.<\/p>\n","protected":false},"excerpt":{"rendered":"<p>En la ma\u00f1ana de este lunes el intendente Ezequiel Galli visit\u00f3 la obra de construcci\u00f3n. Se trata de una inversi\u00f3n<\/p>\n","protected":false},"author":6,"featured_media":60431,"comment_status":"closed","ping_status":"closed","sticky":false,"template":"","format":"standard","meta":{"_jetpack_memberships_contains_paid_content":false,"footnotes":""},"categories":[5,1],"tags":[],"class_list":["post-60429","post","type-post","status-publish","format-standard","has-post-thumbnail","hentry","category-informacion-general","category-portada"],"jetpack_featured_media_url":"https:\/\/i0.wp.com\/cdnoticias.com\/wp-content\/uploads\/2022\/07\/Obras-Construccion-Edificio-EF-2-scaled-1.jpg?fit=2560%2C1711&ssl=1","jetpack_sharing_enabled":true,"_links":{"self":[{"href":"https:\/\/cdnoticias.com\/index.php\/wp-json\/wp\/v2\/posts\/60429","targetHints":{"allow":["GET"]}}],"collection":[{"href":"https:\/\/cdnoticias.com\/index.php\/wp-json\/wp\/v2\/posts"}],"about":[{"href":"https:\/\/cdnoticias.com\/index.php\/wp-json\/wp\/v2\/types\/post"}],"author":[{"embeddable":true,"href":"https:\/\/cdnoticias.com\/index.php\/wp-json\/wp\/v2\/users\/6"}],"replies":[{"embeddable":true,"href":"https:\/\/cdnoticias.com\/index.php\/wp-json\/wp\/v2\/comments?post=60429"}],"version-history":[{"count":0,"href":"https:\/\/cdnoticias.com\/index.php\/wp-json\/wp\/v2\/posts\/60429\/revisions"}],"wp:featuredmedia":[{"embeddable":true,"href":"https:\/\/cdnoticias.com\/index.php\/wp-json\/wp\/v2\/media\/60431"}],"wp:attachment":[{"href":"https:\/\/cdnoticias.com\/index.php\/wp-json\/wp\/v2\/media?parent=60429"}],"wp:term":[{"taxonomy":"category","embeddable":true,"href":"https:\/\/cdnoticias.com\/index.php\/wp-json\/wp\/v2\/categories?post=60429"},{"taxonomy":"post_tag","embeddable":true,"href":"https:\/\/cdnoticias.com\/index.php\/wp-json\/wp\/v2\/tags?post=60429"}],"curies":[{"name":"wp","href":"https:\/\/api.w.org\/{rel}","templated":true}]}}