{"id":60413,"date":"2022-07-18T18:29:52","date_gmt":"2022-07-18T21:29:52","guid":{"rendered":"https:\/\/www.centraldenoticias.com.ar\/?p=60413"},"modified":"2022-07-19T08:34:50","modified_gmt":"2022-07-19T11:34:50","slug":"vacaciones-de-invierno-que-actividades-podes-realizar-este-lunes","status":"publish","type":"post","link":"https:\/\/cdnoticias.com\/index.php\/2022\/07\/18\/vacaciones-de-invierno-que-actividades-podes-realizar-este-lunes\/","title":{"rendered":"Vacaciones de Invierno: \u00bfQu\u00e9 actividades pod\u00e9s realizar este lunes?"},"content":{"rendered":"<p>La propuesta de la Municipalidad incluye distintas actividades para toda la familia. Durante la tarde habr\u00e1 propuestas en museos, centro cultural y bioparque La M\u00e1xima.<!--more--><\/p>\n<hr \/>\n<p>A partir de este lunes comenzaron las vacaciones de invierno y es en ese marco que desde la Municipalidad de Olavarr\u00eda, a trav\u00e9s de las distintas \u00e1reas de gobierno, se ofrecen numerosas actividades y propuestas para disfrutar en familia,<strong> las cuales se ir\u00e1n compartiendo y anunciando de manera diaria.<\/strong> A la par, podes acceder al cronograma completo haciendo <a href=\"https:\/\/www.olavarria.gov.ar\/wp-content\/uploads\/2022\/07\/Cronograma-Vacaciones-Invierno-julio-2022.pdf\" target=\"_blank\" rel=\"noopener\">click aqu\u00ed.<\/a><\/p>\n<p>&nbsp;<\/p>\n<p>Una de las alternativas para disfrutar este lunes 18 de julio podr\u00e1n encontrarla en el <strong>Museo D\u00e1maso Arce<\/strong>, donde a partir de las 15 horas se realizar\u00e1n proyecciones de anime para ni\u00f1os y ni\u00f1as mayores de 12 a\u00f1os. Asimismo, desde este s\u00e1bado en ese mismo sitio se encuentra en exposici\u00f3n la muestra \u201cRenacer del Hierro\u201d, del artista Marcelo \u201cToty\u201d Conte.<\/p>\n<p>&nbsp;<\/p>\n<p>Por otra parte, en el <strong>Centro Cultural de Sierras Bayas<\/strong> desde las 16 horas se llevar\u00e1 a cabo el Show de Mechongu\u00e9 Eventos, con \u201cGuillermo cara de termo\u201d y compa\u00f1\u00eda de circo y teatro Mejunje. La actividad ser\u00e1 libre y gratuita.<\/p>\n<p>&nbsp;<\/p>\n<p>En el <strong>Bioparque Municipal \u201cLa M\u00e1xima\u201d<\/strong> a partir de las 14 horas comenzar\u00e1 a funcionar la Calesita de Ilusiones. Id\u00e9ntico horario para el inicio del Taller \u201cEl Guardi\u00e1n de los Cielos\u201d, que permitir\u00e1 conocer el programa de conservaci\u00f3n del C\u00f3ndor Andino y, a la par, participar en la elecci\u00f3n del nombre del pich\u00f3n reci\u00e9n nacido. Por \u00faltimo, tambi\u00e9n a las 14 horas se abrir\u00e1 el reptilario.<\/p>\n<p>&nbsp;<\/p>\n<p>En cuanto a la <strong>Escuela Municipal de Cer\u00e1mica,<\/strong> a partir de las 15:30 horas, se llevar\u00e1 a cabo la entrega de cuencos y objetos en el Hogar de Ni\u00f1as San Jos\u00e9. Los mismos fueron realizados alumnos y alumnas de los talleres de la escuela.<\/p>\n<p>&nbsp;<\/p>\n<p>Por \u00faltimo, en el <strong>Museo Municipal de Colonia San Miguel<\/strong> se ofrecer\u00e1 durante toda la semana visitas guiadas por el patrimonio permanente del museo. La actividad se realizar\u00e1 de 8 a 13 horas.<\/p>\n","protected":false},"excerpt":{"rendered":"<p>La propuesta de la Municipalidad incluye distintas actividades para toda la familia. Durante la tarde habr\u00e1 propuestas en museos, centro<\/p>\n","protected":false},"author":5,"featured_media":27347,"comment_status":"closed","ping_status":"closed","sticky":false,"template":"","format":"standard","meta":{"_jetpack_memberships_contains_paid_content":false,"footnotes":""},"categories":[9],"tags":[],"class_list":["post-60413","post","type-post","status-publish","format-standard","has-post-thumbnail","hentry","category-cultura"],"jetpack_featured_media_url":"https:\/\/i0.wp.com\/cdnoticias.com\/wp-content\/uploads\/2021\/07\/Cultura-Apertura-La-Maxima-2-1024x682.jpg?fit=1024%2C682&ssl=1","jetpack_sharing_enabled":true,"_links":{"self":[{"href":"https:\/\/cdnoticias.com\/index.php\/wp-json\/wp\/v2\/posts\/60413","targetHints":{"allow":["GET"]}}],"collection":[{"href":"https:\/\/cdnoticias.com\/index.php\/wp-json\/wp\/v2\/posts"}],"about":[{"href":"https:\/\/cdnoticias.com\/index.php\/wp-json\/wp\/v2\/types\/post"}],"author":[{"embeddable":true,"href":"https:\/\/cdnoticias.com\/index.php\/wp-json\/wp\/v2\/users\/5"}],"replies":[{"embeddable":true,"href":"https:\/\/cdnoticias.com\/index.php\/wp-json\/wp\/v2\/comments?post=60413"}],"version-history":[{"count":0,"href":"https:\/\/cdnoticias.com\/index.php\/wp-json\/wp\/v2\/posts\/60413\/revisions"}],"wp:featuredmedia":[{"embeddable":true,"href":"https:\/\/cdnoticias.com\/index.php\/wp-json\/wp\/v2\/media\/27347"}],"wp:attachment":[{"href":"https:\/\/cdnoticias.com\/index.php\/wp-json\/wp\/v2\/media?parent=60413"}],"wp:term":[{"taxonomy":"category","embeddable":true,"href":"https:\/\/cdnoticias.com\/index.php\/wp-json\/wp\/v2\/categories?post=60413"},{"taxonomy":"post_tag","embeddable":true,"href":"https:\/\/cdnoticias.com\/index.php\/wp-json\/wp\/v2\/tags?post=60413"}],"curies":[{"name":"wp","href":"https:\/\/api.w.org\/{rel}","templated":true}]}}