{"id":60393,"date":"2022-07-18T08:07:18","date_gmt":"2022-07-18T11:07:18","guid":{"rendered":"https:\/\/www.centraldenoticias.com.ar\/?p=60393"},"modified":"2022-07-18T08:07:18","modified_gmt":"2022-07-18T11:07:18","slug":"nancy-mirian-goni-viuda-de-felix-q-e-p-d","status":"publish","type":"post","link":"https:\/\/cdnoticias.com\/index.php\/2022\/07\/18\/nancy-mirian-goni-viuda-de-felix-q-e-p-d\/","title":{"rendered":"Nancy Mirian Go\u00f1i viuda de Felix (Q.E.P.D.)"},"content":{"rendered":"<p>Falleci\u00f3 en Olavarr\u00eda el 17 de julio de 2022 a los 88 a\u00f1os de edad. Sus hijos M\u00f3nica Andrea F\u00e9lix y Cesar Fabian F\u00e9lix. Su hijo pol\u00edtico Roberto Gustavo Iturre. Sus nietos Maria Florencia Iturre, Agust\u00edn Iturre y Guadalupe Roci\u00f3 F\u00e9lix Bidart. Su nietos pol\u00edtico Eduardo Bazzano. Su bisnieto Gennaro Bazzano. Su hermana Edelmi Edith Go\u00f1i. Su hermana pol\u00edtica Haydee Capurro de Go\u00f1i. Sus sobrinos Juan Pablo Go\u00f1i Capurro, Pedro Jes\u00fas Go\u00f1i y Maria Jose Go\u00f1i; y dem\u00e1s deudos participan de su fallecimiento.<\/p>\n<p>&nbsp;<\/p>\n<p>Sus restos ser\u00e1n velados en Espa\u00f1a 2942 departamento &#8221;B&#8221; desde las 11:30 y ser\u00e1n inhumados este lunes a las 13:30 en el cementerio Loma de Paz, previo responso en la capilla ardiente. Vecina de barrio Pueblo Nuevo. Nacida en Coronel Su\u00e1rez. Jubilada y Pensionada.<\/p>\n","protected":false},"excerpt":{"rendered":"<p>Falleci\u00f3 en Olavarr\u00eda el 17 de julio de 2022 a los 88 a\u00f1os de edad. Sus hijos M\u00f3nica Andrea F\u00e9lix<\/p>\n","protected":false},"author":5,"featured_media":51544,"comment_status":"closed","ping_status":"closed","sticky":false,"template":"","format":"standard","meta":{"_jetpack_memberships_contains_paid_content":false,"footnotes":""},"categories":[10],"tags":[],"class_list":["post-60393","post","type-post","status-publish","format-standard","has-post-thumbnail","hentry","category-necrologicas"],"jetpack_featured_media_url":"https:\/\/i0.wp.com\/cdnoticias.com\/wp-content\/uploads\/2022\/04\/necrologicas-390-x-240.jpg?fit=390%2C240&ssl=1","jetpack_sharing_enabled":true,"_links":{"self":[{"href":"https:\/\/cdnoticias.com\/index.php\/wp-json\/wp\/v2\/posts\/60393","targetHints":{"allow":["GET"]}}],"collection":[{"href":"https:\/\/cdnoticias.com\/index.php\/wp-json\/wp\/v2\/posts"}],"about":[{"href":"https:\/\/cdnoticias.com\/index.php\/wp-json\/wp\/v2\/types\/post"}],"author":[{"embeddable":true,"href":"https:\/\/cdnoticias.com\/index.php\/wp-json\/wp\/v2\/users\/5"}],"replies":[{"embeddable":true,"href":"https:\/\/cdnoticias.com\/index.php\/wp-json\/wp\/v2\/comments?post=60393"}],"version-history":[{"count":0,"href":"https:\/\/cdnoticias.com\/index.php\/wp-json\/wp\/v2\/posts\/60393\/revisions"}],"wp:featuredmedia":[{"embeddable":true,"href":"https:\/\/cdnoticias.com\/index.php\/wp-json\/wp\/v2\/media\/51544"}],"wp:attachment":[{"href":"https:\/\/cdnoticias.com\/index.php\/wp-json\/wp\/v2\/media?parent=60393"}],"wp:term":[{"taxonomy":"category","embeddable":true,"href":"https:\/\/cdnoticias.com\/index.php\/wp-json\/wp\/v2\/categories?post=60393"},{"taxonomy":"post_tag","embeddable":true,"href":"https:\/\/cdnoticias.com\/index.php\/wp-json\/wp\/v2\/tags?post=60393"}],"curies":[{"name":"wp","href":"https:\/\/api.w.org\/{rel}","templated":true}]}}