{"id":6038,"date":"2020-11-09T18:06:15","date_gmt":"2020-11-09T21:06:15","guid":{"rendered":"http:\/\/www.centraldenoticias.com.ar\/?p=6038"},"modified":"2020-11-09T18:47:22","modified_gmt":"2020-11-09T21:47:22","slug":"comercios-no-esenciales-podran-abrir-hasta-las-20","status":"publish","type":"post","link":"https:\/\/cdnoticias.com\/index.php\/2020\/11\/09\/comercios-no-esenciales-podran-abrir-hasta-las-20\/","title":{"rendered":"Comercios no esenciales podr\u00e1n abrir hasta las 20"},"content":{"rendered":"<p>&nbsp;<\/p>\n<p>Adem\u00e1s, se inform\u00f3 que los locales gastron\u00f3micos podr\u00e1n disponer de sus salones pero al 50% de su capacidad. Ambas disposiciones regir\u00e1n desde este martes.<!--more--><\/p>\n<hr \/>\n<p>En el marco de la Emergencia Sanitaria por la pandemia del Covid-19, el Gobierno Municipal dispuso una <strong>extensi\u00f3n horaria para los comercios no esenciales y los locales gastron\u00f3micos podr\u00e1n recibir a sus clientes en los salones.<\/strong><\/p>\n<p>&nbsp;<\/p>\n<p>De esta manera, desde la Subsecretar\u00eda de Legal y T\u00e9cnica informaron que<strong> los comercios no esenciales podr\u00e1n abrir desde este martes 10 de noviembre hasta las 20.<\/strong> Vale recordar que hasta el d\u00eda de la fecha <strong>estaban habilitados para funcionar hasta las 18.<\/strong><\/p>\n<p>&nbsp;<\/p>\n<p>Por otra parte, los <strong>bares y restaurantes<\/strong>, tambi\u00e9n desde este martes, tendr\u00e1n la posibilidad de <strong>recibir clientes dentro de los salones\u00a0 pero con una capacidad del 50%.<\/strong> Hasta el momento solo pod\u00edan atender en lugares al aire libre.<\/p>\n<p>&nbsp;<\/p>\n<p>Asimismo, se indic\u00f3 que los locales gastron\u00f3micos deber\u00e1n <strong>mantener sus ambientes con la mayor cantidad de aire natural posible.<\/strong><\/p>\n","protected":false},"excerpt":{"rendered":"<p>&nbsp; Adem\u00e1s, se inform\u00f3 que los locales gastron\u00f3micos podr\u00e1n disponer de sus salones pero al 50% de su capacidad. Ambas<\/p>\n","protected":false},"author":5,"featured_media":965,"comment_status":"closed","ping_status":"closed","sticky":false,"template":"","format":"standard","meta":{"_jetpack_memberships_contains_paid_content":false,"footnotes":""},"categories":[5,1],"tags":[],"class_list":["post-6038","post","type-post","status-publish","format-standard","has-post-thumbnail","hentry","category-informacion-general","category-portada"],"jetpack_featured_media_url":"https:\/\/i0.wp.com\/cdnoticias.com\/wp-content\/uploads\/2020\/09\/comercios5.jpg?fit=3528%2C2124&ssl=1","jetpack_sharing_enabled":true,"_links":{"self":[{"href":"https:\/\/cdnoticias.com\/index.php\/wp-json\/wp\/v2\/posts\/6038","targetHints":{"allow":["GET"]}}],"collection":[{"href":"https:\/\/cdnoticias.com\/index.php\/wp-json\/wp\/v2\/posts"}],"about":[{"href":"https:\/\/cdnoticias.com\/index.php\/wp-json\/wp\/v2\/types\/post"}],"author":[{"embeddable":true,"href":"https:\/\/cdnoticias.com\/index.php\/wp-json\/wp\/v2\/users\/5"}],"replies":[{"embeddable":true,"href":"https:\/\/cdnoticias.com\/index.php\/wp-json\/wp\/v2\/comments?post=6038"}],"version-history":[{"count":0,"href":"https:\/\/cdnoticias.com\/index.php\/wp-json\/wp\/v2\/posts\/6038\/revisions"}],"wp:featuredmedia":[{"embeddable":true,"href":"https:\/\/cdnoticias.com\/index.php\/wp-json\/wp\/v2\/media\/965"}],"wp:attachment":[{"href":"https:\/\/cdnoticias.com\/index.php\/wp-json\/wp\/v2\/media?parent=6038"}],"wp:term":[{"taxonomy":"category","embeddable":true,"href":"https:\/\/cdnoticias.com\/index.php\/wp-json\/wp\/v2\/categories?post=6038"},{"taxonomy":"post_tag","embeddable":true,"href":"https:\/\/cdnoticias.com\/index.php\/wp-json\/wp\/v2\/tags?post=6038"}],"curies":[{"name":"wp","href":"https:\/\/api.w.org\/{rel}","templated":true}]}}