{"id":60370,"date":"2022-07-17T18:21:09","date_gmt":"2022-07-17T21:21:09","guid":{"rendered":"https:\/\/www.centraldenoticias.com.ar\/?p=60370"},"modified":"2022-07-17T18:21:09","modified_gmt":"2022-07-17T21:21:09","slug":"sergio-daniel-martinez-coco-q-e-p-d","status":"publish","type":"post","link":"https:\/\/cdnoticias.com\/index.php\/2022\/07\/17\/sergio-daniel-martinez-coco-q-e-p-d\/","title":{"rendered":"Sergio Daniel Mart\u00ednez &#8220;Coco&#8221; (Q.E.P.D.)"},"content":{"rendered":"<p>Falleci\u00f3 en Olavarr\u00eda el d\u00eda 17 de julio\u00a0 de 2022 a los 45 a\u00f1os. Sus hijos: Camila y Thiara Martinez. Su madre: Rosa Newbery.mSu padre: Faustino Martinez. Sus hermanos: Eduardo y Marcela Martinez. Su cu\u00f1ado: Carlos Larin. Su sobrina, amigos y dem\u00e1s deudos participan su fallecimiento.<\/p>\n<p>&nbsp;<\/p>\n<p>Velatorio: Espa\u00f1a 2942 Sala &#8220;D&#8221;, Cierra 23hs. Responso: \u00a0Capilla Ardiente. Inhumaci\u00f3n: Loma de Paz, lunes 18 de julio a las 11:30.<\/p>\n<p>&nbsp;<\/p>\n<p>Barrio en el que viv\u00eda: Sierra Chica.<\/p>\n<p>Lugar de nacimiento: Olavarr\u00eda.<\/p>\n<p>Actividad que desarrollaba: Penitenciario.<\/p>\n","protected":false},"excerpt":{"rendered":"<p>Falleci\u00f3 en Olavarr\u00eda el d\u00eda 17 de julio\u00a0 de 2022 a los 45 a\u00f1os. Sus hijos: Camila y Thiara Martinez.<\/p>\n","protected":false},"author":6,"featured_media":51544,"comment_status":"closed","ping_status":"closed","sticky":false,"template":"","format":"standard","meta":{"_jetpack_memberships_contains_paid_content":false,"footnotes":""},"categories":[10],"tags":[],"class_list":["post-60370","post","type-post","status-publish","format-standard","has-post-thumbnail","hentry","category-necrologicas"],"jetpack_featured_media_url":"https:\/\/i0.wp.com\/cdnoticias.com\/wp-content\/uploads\/2022\/04\/necrologicas-390-x-240.jpg?fit=390%2C240&ssl=1","jetpack_sharing_enabled":true,"_links":{"self":[{"href":"https:\/\/cdnoticias.com\/index.php\/wp-json\/wp\/v2\/posts\/60370","targetHints":{"allow":["GET"]}}],"collection":[{"href":"https:\/\/cdnoticias.com\/index.php\/wp-json\/wp\/v2\/posts"}],"about":[{"href":"https:\/\/cdnoticias.com\/index.php\/wp-json\/wp\/v2\/types\/post"}],"author":[{"embeddable":true,"href":"https:\/\/cdnoticias.com\/index.php\/wp-json\/wp\/v2\/users\/6"}],"replies":[{"embeddable":true,"href":"https:\/\/cdnoticias.com\/index.php\/wp-json\/wp\/v2\/comments?post=60370"}],"version-history":[{"count":0,"href":"https:\/\/cdnoticias.com\/index.php\/wp-json\/wp\/v2\/posts\/60370\/revisions"}],"wp:featuredmedia":[{"embeddable":true,"href":"https:\/\/cdnoticias.com\/index.php\/wp-json\/wp\/v2\/media\/51544"}],"wp:attachment":[{"href":"https:\/\/cdnoticias.com\/index.php\/wp-json\/wp\/v2\/media?parent=60370"}],"wp:term":[{"taxonomy":"category","embeddable":true,"href":"https:\/\/cdnoticias.com\/index.php\/wp-json\/wp\/v2\/categories?post=60370"},{"taxonomy":"post_tag","embeddable":true,"href":"https:\/\/cdnoticias.com\/index.php\/wp-json\/wp\/v2\/tags?post=60370"}],"curies":[{"name":"wp","href":"https:\/\/api.w.org\/{rel}","templated":true}]}}