{"id":60359,"date":"2022-07-18T11:12:25","date_gmt":"2022-07-18T14:12:25","guid":{"rendered":"https:\/\/www.centraldenoticias.com.ar\/?p=60359"},"modified":"2022-07-18T12:48:29","modified_gmt":"2022-07-18T15:48:29","slug":"club-loma-negra-los-vecinos-insisten-en-pedir-respuestas-de-la-cementera","status":"publish","type":"post","link":"https:\/\/cdnoticias.com\/index.php\/2022\/07\/18\/club-loma-negra-los-vecinos-insisten-en-pedir-respuestas-de-la-cementera\/","title":{"rendered":"Club Loma Negra: los vecinos insisten en pedir respuestas de la cementera"},"content":{"rendered":"<p>Entregaron otras 480 firmas en apoyo a la solicitud de di\u00e1logo con la empresa. Buscan revertir la decisi\u00f3n de \u201cdesvinculaci\u00f3n\u201d del club.<!--more--><\/p>\n<hr \/>\n<p>Este fin de semana, <strong>los vecinos de Loma Negra insistieron en su solicitud de di\u00e1logo con la empresa cementera por el futuro del club<\/strong> de la localidad.<\/p>\n<p>&nbsp;<\/p>\n<blockquote><p>\u201cContin\u00faan a la espera de respuestas de la empresa Loma Negra sobre qu\u00e9 suceder\u00e1 con el club. Por estos d\u00edas reunieron 25 planillas m\u00e1s con alrededor de 500 firmas que se suman a las entregadas hace un mes\u201d indicaron desde la localidad.<\/p><\/blockquote>\n<p>&nbsp;<\/p>\n<p>Se indic\u00f3 que <strong>el viernes fueron entregados una \u201cnota ampliatoria\u201d y las firmas -son en total 480-<\/strong> en la porter\u00eda de la f\u00e1brica <em>\u201cpara que sean entregadas en mano al se\u00f1or Mario Allende\u201d<\/em>, directivo de la planta.<\/p>\n<p>&nbsp;<\/p>\n<p><a href=\"https:\/\/cdnoticias.com\/index.php\/2022\/06\/16\/loma-negra-se-movilizo-en-apoyo-al-club-entregaron-un-petitorio-en-la-fabrica\/\" target=\"_blank\" rel=\"noopener\">El 15 de junio se hab\u00eda entregado la primera nota con firmas de vecinos y socios del club<\/a> y, para ello, se hizo una importante movilizaci\u00f3n en la localidad.<\/p>\n<p>&nbsp;<\/p>\n<p>Cabe recordar que a fines de mayo, en la asamblea anual del Club Loma Negra, las autoridades expusieron<strong> la intenci\u00f3n de la empresa, que pertenece al grupo brasile\u00f1o Camargo Correa, de \u201cdesvincularse\u201d del club<\/strong>. Esta decisi\u00f3n incluye <em>dejar de abonar los sueldos de cinco empleados<\/em> <em>y de dejar de abonar los servicios de luz, gas y agua<\/em> en la instituci\u00f3n a partir del 31 de diciembre de este a\u00f1o.<\/p>\n<p>&nbsp;<\/p>\n<p><strong>Sobre esos dos aspectos se busc\u00f3 dialogar mediante la entrega del petitorio<\/strong>. La intenci\u00f3n inicial es <strong>que la empresa revea su decisi\u00f3n o que estire los plazos<\/strong> de aplicaci\u00f3n, a fin de que el Club Loma Negra pueda afrontar las inversiones que se requieren.<\/p>\n","protected":false},"excerpt":{"rendered":"<p>Entregaron otras 480 firmas en apoyo a la solicitud de di\u00e1logo con la empresa. Buscan revertir la decisi\u00f3n de \u201cdesvinculaci\u00f3n\u201d<\/p>\n","protected":false},"author":4,"featured_media":57552,"comment_status":"closed","ping_status":"closed","sticky":false,"template":"","format":"standard","meta":{"_jetpack_memberships_contains_paid_content":false,"footnotes":""},"categories":[5,1],"tags":[],"class_list":["post-60359","post","type-post","status-publish","format-standard","has-post-thumbnail","hentry","category-informacion-general","category-portada"],"jetpack_featured_media_url":"https:\/\/i0.wp.com\/cdnoticias.com\/wp-content\/uploads\/2022\/06\/club-loma-negra-petitorio-00.jpg?fit=800%2C445&ssl=1","jetpack_sharing_enabled":true,"_links":{"self":[{"href":"https:\/\/cdnoticias.com\/index.php\/wp-json\/wp\/v2\/posts\/60359","targetHints":{"allow":["GET"]}}],"collection":[{"href":"https:\/\/cdnoticias.com\/index.php\/wp-json\/wp\/v2\/posts"}],"about":[{"href":"https:\/\/cdnoticias.com\/index.php\/wp-json\/wp\/v2\/types\/post"}],"author":[{"embeddable":true,"href":"https:\/\/cdnoticias.com\/index.php\/wp-json\/wp\/v2\/users\/4"}],"replies":[{"embeddable":true,"href":"https:\/\/cdnoticias.com\/index.php\/wp-json\/wp\/v2\/comments?post=60359"}],"version-history":[{"count":0,"href":"https:\/\/cdnoticias.com\/index.php\/wp-json\/wp\/v2\/posts\/60359\/revisions"}],"wp:featuredmedia":[{"embeddable":true,"href":"https:\/\/cdnoticias.com\/index.php\/wp-json\/wp\/v2\/media\/57552"}],"wp:attachment":[{"href":"https:\/\/cdnoticias.com\/index.php\/wp-json\/wp\/v2\/media?parent=60359"}],"wp:term":[{"taxonomy":"category","embeddable":true,"href":"https:\/\/cdnoticias.com\/index.php\/wp-json\/wp\/v2\/categories?post=60359"},{"taxonomy":"post_tag","embeddable":true,"href":"https:\/\/cdnoticias.com\/index.php\/wp-json\/wp\/v2\/tags?post=60359"}],"curies":[{"name":"wp","href":"https:\/\/api.w.org\/{rel}","templated":true}]}}