{"id":60316,"date":"2022-07-17T10:36:51","date_gmt":"2022-07-17T13:36:51","guid":{"rendered":"https:\/\/www.centraldenoticias.com.ar\/?p=60316"},"modified":"2022-07-17T15:07:49","modified_gmt":"2022-07-17T18:07:49","slug":"desde-el-frente-sindical-impulsan-la-integracion-de-la-cgt-local","status":"publish","type":"post","link":"https:\/\/cdnoticias.com\/index.php\/2022\/07\/17\/desde-el-frente-sindical-impulsan-la-integracion-de-la-cgt-local\/","title":{"rendered":"Desde el Frente Sindical impulsan la integraci\u00f3n de la CGT local"},"content":{"rendered":"<p>Una veintena de organizaciones se reunieron en la sede del Sindicato de Canillitas. La convocatoria apunta a &#8220;la unidad del movimiento obrero&#8221;.<!--more--><\/p>\n<hr \/>\n<p>El\u00a0 viernes se reunieron en la sede del Sindicato de Canillitas <strong>m\u00e1s de veinte entidades gremiales fueron convocados por el Frente Sindical y Gremial de Olavarr\u00eda.<\/strong><\/p>\n<p>&nbsp;<\/p>\n<blockquote><p>Se destac\u00f3 que &#8220;durante el transcurso del encuentro, se acord\u00f3 <strong>llamar a la unidad de todos los Sindicatos de Olavarr\u00eda para conformar la delegaci\u00f3n local de la CGT&#8221;.<\/strong><\/p><\/blockquote>\n<p>&nbsp;<\/p>\n<p>&#8220;El llamado a la <strong>unidad del movimiento obrero de Olavarr\u00eda,<\/strong> se efect\u00faa en virtud de la necesidad y oportunidad de contar con este instrumento de convergencia y planificaci\u00f3n de acciones, que asuma <strong>la dif\u00edcil situaci\u00f3n que viven los trabajadores<\/strong>, la defensa de sus derechos, las condiciones laborales y el impacto de la situaci\u00f3n econ\u00f3mica que con altos \u00edndices de inflaci\u00f3n afectan directamente el poder adquisitivo de sus salario&#8221; se indic\u00f3.<\/p>\n<p>&nbsp;<\/p>\n<p><strong>Entre los gremios presentes se encontraron:<\/strong> Obras Sanitarias (S.O.S.B.A.), Fleteros, Sanidad (ATSA), Vialidad Provincial, Peaje (SUTPA), Gr\u00e1ficos (FATIDA), La Fraternidad, Televisi\u00f3n (SATSAID), Municipales, Maestranza (S.O.M), UTEDYC, Periodistas de Olavarr\u00eda, Correo (FOECYT), Vidrio (SEIVARA), Camioneros, Seguridad (UPSRA), \u00a0SOESGYPE, SUTIAGA, UATRE, Canillitas, UTGRA, UTA , UPCN y Bancarios.<\/p>\n<p>&nbsp;<\/p>\n<p>Por \u00faltimo, se inform\u00f3 que al cabo de la reuni\u00f3n, <strong>se adhiri\u00f3 a los reclamos de los trabajadores del diario El Popular<\/strong><a href=\"https:\/\/cdnoticias.com\/index.php\/2022\/07\/12\/por-falta-de-pagos-trabajadores-de-el-popular-se-manifestaron-frente-al-multimedios\/\" target=\"_blank\" rel=\"noopener\"> desde donde se han impulsado distintas medidas a lo largo de los \u00faltimos d\u00edas para exponer reclamos salariales<\/a><strong>.<\/strong><\/p>\n<p>&nbsp;<\/p>\n","protected":false},"excerpt":{"rendered":"<p>Una veintena de organizaciones se reunieron en la sede del Sindicato de Canillitas. La convocatoria apunta a &#8220;la unidad del<\/p>\n","protected":false},"author":6,"featured_media":60340,"comment_status":"closed","ping_status":"closed","sticky":false,"template":"","format":"standard","meta":{"_jetpack_memberships_contains_paid_content":false,"footnotes":""},"categories":[4,1],"tags":[],"class_list":["post-60316","post","type-post","status-publish","format-standard","has-post-thumbnail","hentry","category-politica","category-portada"],"jetpack_featured_media_url":"https:\/\/i0.wp.com\/cdnoticias.com\/wp-content\/uploads\/2022\/07\/frente-sindical-a-la-CGT.jpg?fit=800%2C445&ssl=1","jetpack_sharing_enabled":true,"_links":{"self":[{"href":"https:\/\/cdnoticias.com\/index.php\/wp-json\/wp\/v2\/posts\/60316","targetHints":{"allow":["GET"]}}],"collection":[{"href":"https:\/\/cdnoticias.com\/index.php\/wp-json\/wp\/v2\/posts"}],"about":[{"href":"https:\/\/cdnoticias.com\/index.php\/wp-json\/wp\/v2\/types\/post"}],"author":[{"embeddable":true,"href":"https:\/\/cdnoticias.com\/index.php\/wp-json\/wp\/v2\/users\/6"}],"replies":[{"embeddable":true,"href":"https:\/\/cdnoticias.com\/index.php\/wp-json\/wp\/v2\/comments?post=60316"}],"version-history":[{"count":0,"href":"https:\/\/cdnoticias.com\/index.php\/wp-json\/wp\/v2\/posts\/60316\/revisions"}],"wp:featuredmedia":[{"embeddable":true,"href":"https:\/\/cdnoticias.com\/index.php\/wp-json\/wp\/v2\/media\/60340"}],"wp:attachment":[{"href":"https:\/\/cdnoticias.com\/index.php\/wp-json\/wp\/v2\/media?parent=60316"}],"wp:term":[{"taxonomy":"category","embeddable":true,"href":"https:\/\/cdnoticias.com\/index.php\/wp-json\/wp\/v2\/categories?post=60316"},{"taxonomy":"post_tag","embeddable":true,"href":"https:\/\/cdnoticias.com\/index.php\/wp-json\/wp\/v2\/tags?post=60316"}],"curies":[{"name":"wp","href":"https:\/\/api.w.org\/{rel}","templated":true}]}}