{"id":60285,"date":"2022-07-17T16:00:54","date_gmt":"2022-07-17T19:00:54","guid":{"rendered":"https:\/\/www.centraldenoticias.com.ar\/?p=60285"},"modified":"2022-07-17T16:00:54","modified_gmt":"2022-07-17T19:00:54","slug":"ley-mica-ortega-reglamentaron-la-normativa-que-concientiza-sobre-el-grooming","status":"publish","type":"post","link":"https:\/\/cdnoticias.com\/index.php\/2022\/07\/17\/ley-mica-ortega-reglamentaron-la-normativa-que-concientiza-sobre-el-grooming\/","title":{"rendered":"Ley Mica Ortega: reglamentaron la normativa que concientiza sobre el grooming"},"content":{"rendered":"<div class=\"td_block_wrap tdb_single_subtitle tdi_72 td-pb-border-top td_block_template_1\" data-td-block-uid=\"tdi_72\">\n<div class=\"tdb-block-inner td-fix-index\">\n<p>Lleva el nombre de la ni\u00f1a bahiense que fue enga\u00f1ada a trav\u00e9s de las redes sociales y luego asesinada.<\/p>\n<\/div>\n<\/div>\n<p><!--more--><\/p>\n<hr \/>\n<div class=\"td_block_wrap tdb_single_date tdi_73 td-pb-border-top td_block_template_1 tdb-post-meta\" data-td-block-uid=\"tdi_73\"><\/div>\n<div data-td-block-uid=\"tdi_73\">\n<p>El Gobierno reglament\u00f3 este viernes la<strong> Ley 27.590 \u201cMica Ortega\u201d,<\/strong> sancionada en noviembre de 2020, que crea el <strong>Programa Nacional de Prevenci\u00f3n y Concientizaci\u00f3n del Grooming o Ciberacoso contra Ni\u00f1as, Ni\u00f1os y Adolescentes.<\/strong><\/p>\n<p>&nbsp;<\/p>\n<p>Lo hizo a trav\u00e9s del Decreto 407\/2022 publicado en el Bolet\u00edn Oficial, que contempla <strong>sensibilizar y generar conciencia en la poblaci\u00f3n sobre el ciberacoso, a trav\u00e9s del uso responsable de las Tecnolog\u00edas de la Informaci\u00f3n y la Comunicaci\u00f3n<\/strong> (TICs) y de la capacitaci\u00f3n de la comunidad.<\/p>\n<p>&nbsp;<\/p>\n<p>El nombre de la normativa es en <strong>homenaje a Micaela Orteg<\/strong>a, la<strong> ni\u00f1a de 12 a\u00f1os que desapareci\u00f3 el 23 de abril de 2016 tras encontrarse con Jonathan Luna<\/strong> (28 a\u00f1os), quien utilizaba <strong>cuatro cuentas falsas en la red social Facebook<\/strong>, a trav\u00e9s de las cuales simulaba ser una menor de edad, y que luego de entrar en confianza con Micaela la asesin\u00f3.<\/p>\n<p>&nbsp;<\/p>\n<p>En la reglamentaci\u00f3n de la normativa, se decret\u00f3 la <strong>creaci\u00f3n del Observatorio del Programa Nacional de Prevenci\u00f3n y Concientizaci\u00f3n del Grooming o Ciberacoso contra Ni\u00f1as, Ni\u00f1os y Adolescentes<\/strong>, que funcionar\u00e1 bajo la \u00f3rbita del Ministerio de Desarrollo Social.<\/p>\n<p>&nbsp;<\/p>\n<p>Sus objetivos ser\u00e1n se\u00f1alar cuando no se cumpla la ley y elaborar un informe anual sobre la implementaci\u00f3n del Programa y el cumplimiento de la norma.<\/p>\n<p>&nbsp;<\/p>\n<p>Adem\u00e1s, espec\u00edficamente sobre entornos digitales, impulsar\u00e1 <strong>capacitaciones para el uso responsable de las TICs,<\/strong> adem\u00e1s de relevar su utilizaci\u00f3n en los entornos digitales de ni\u00f1os, ni\u00f1as y adolescentes, e identificar modalidades de vulneraci\u00f3n de derechos en estos espacios.<\/p>\n<p>&nbsp;<\/p>\n<p>El Ministerio de Desarrollo Social presidir\u00e1 el Observatorio, que tambi\u00e9n ser\u00e1 integrado por representantes de la Secretar\u00eda de Ni\u00f1ez, Adolescencia y Familia (Senaf), y los ministerios de Educaci\u00f3n y de Justicia y Derechos Humanos.<\/p>\n<p>&nbsp;<\/p>\n<p>Tambi\u00e9n lo integrar\u00e1n la Secretar\u00eda de Medios y Comunicaci\u00f3n P\u00fablica de la Jefatura de Gabinete de ministros, el Ente Nacional de Comunicaciones (Enacom), organizaciones no gubernamentales, universidades nacionales, expertos independientes y periodistas especializados.<\/p>\n<p>&nbsp;<\/p>\n<p>Por otra parte, la reglamentaci\u00f3n de la norma cre\u00f3 la Unidad de Coordinaci\u00f3n Administrativa Interministerial, en el \u00e1mbito de la Senaf, cuyos principales objetivos ser\u00e1n \u201cabordar de forma integral las acciones necesarias para la plena implementaci\u00f3n\u201d de la ley y monitorear su cumplimiento.<\/p>\n<p>&nbsp;<\/p>\n<p>Tambi\u00e9n dispuso la creaci\u00f3n de un <strong>Comit\u00e9 Asesor sobre el Uso Seguro y Responsable de las Tecnolog\u00edas de la Informaci\u00f3n y las Comunicaciones,<\/strong> que elaborar\u00e1 recomendaciones y propondr\u00e1 articulaciones entre organismos estatales y no estatales con el objetivo de colaborar en el cumplimiento de la norma. La autoridad de aplicaci\u00f3n de la normativa ser\u00e1 la Senaf y el Ministerio de Desarrollo Social.<\/p>\n<\/div>\n<p>&nbsp;<\/p>\n<p><em>Fuente: DIB\u00a0<\/em><\/p>\n","protected":false},"excerpt":{"rendered":"<p>Lleva el nombre de la ni\u00f1a bahiense que fue enga\u00f1ada a trav\u00e9s de las redes sociales y luego asesinada.<\/p>\n","protected":false},"author":6,"featured_media":27140,"comment_status":"closed","ping_status":"closed","sticky":false,"template":"","format":"standard","meta":{"_jetpack_memberships_contains_paid_content":false,"footnotes":""},"categories":[6,1],"tags":[],"class_list":["post-60285","post","type-post","status-publish","format-standard","has-post-thumbnail","hentry","category-nacionales","category-portada"],"jetpack_featured_media_url":"https:\/\/i0.wp.com\/cdnoticias.com\/wp-content\/uploads\/2021\/07\/whatsapp-estafas-celular.jpg?fit=1920%2C1080&ssl=1","jetpack_sharing_enabled":true,"_links":{"self":[{"href":"https:\/\/cdnoticias.com\/index.php\/wp-json\/wp\/v2\/posts\/60285","targetHints":{"allow":["GET"]}}],"collection":[{"href":"https:\/\/cdnoticias.com\/index.php\/wp-json\/wp\/v2\/posts"}],"about":[{"href":"https:\/\/cdnoticias.com\/index.php\/wp-json\/wp\/v2\/types\/post"}],"author":[{"embeddable":true,"href":"https:\/\/cdnoticias.com\/index.php\/wp-json\/wp\/v2\/users\/6"}],"replies":[{"embeddable":true,"href":"https:\/\/cdnoticias.com\/index.php\/wp-json\/wp\/v2\/comments?post=60285"}],"version-history":[{"count":0,"href":"https:\/\/cdnoticias.com\/index.php\/wp-json\/wp\/v2\/posts\/60285\/revisions"}],"wp:featuredmedia":[{"embeddable":true,"href":"https:\/\/cdnoticias.com\/index.php\/wp-json\/wp\/v2\/media\/27140"}],"wp:attachment":[{"href":"https:\/\/cdnoticias.com\/index.php\/wp-json\/wp\/v2\/media?parent=60285"}],"wp:term":[{"taxonomy":"category","embeddable":true,"href":"https:\/\/cdnoticias.com\/index.php\/wp-json\/wp\/v2\/categories?post=60285"},{"taxonomy":"post_tag","embeddable":true,"href":"https:\/\/cdnoticias.com\/index.php\/wp-json\/wp\/v2\/tags?post=60285"}],"curies":[{"name":"wp","href":"https:\/\/api.w.org\/{rel}","templated":true}]}}