{"id":60279,"date":"2022-07-16T14:31:19","date_gmt":"2022-07-16T17:31:19","guid":{"rendered":"https:\/\/www.centraldenoticias.com.ar\/?p=60279"},"modified":"2022-07-16T18:02:57","modified_gmt":"2022-07-16T21:02:57","slug":"allanamientos-para-dar-con-los-roba-ruedas","status":"publish","type":"post","link":"https:\/\/cdnoticias.com\/index.php\/2022\/07\/16\/allanamientos-para-dar-con-los-roba-ruedas\/","title":{"rendered":"Allanamientos para dar con los \u201croba ruedas\u201d"},"content":{"rendered":"<p>Numerosos art\u00edculos fueron secuestrados, entre ellos un auto, en tres domicilios en los que actu\u00f3 personal de la Sub DDI de Olavarr\u00eda.<!--more--><\/p>\n<hr \/>\n<p>Este s\u00e1bado, personal de la SubDDI Olavarr\u00eda encabez\u00f3 un<strong> despliegue operativo para llevar adelante tres allanamientos en los barrios Villa Maylin y Provincias Argentinas<\/strong> de nuestra ciudad.<\/p>\n<p>&nbsp;<\/p>\n<p>Se destac\u00f3 que se enmarcaron en la <strong>causa caratulada \u201churto\u201d<\/strong> en la que se investiga la <strong>\u201cmodalidad roba ruedas\u201d, por varios hechos reiterados en los \u00faltimos meses<\/strong>.<\/p>\n<p>&nbsp;<\/p>\n<p>El caso comenz\u00f3 en la <strong>Ayudant\u00eda Fiscal de Autores Ignorados local<\/strong> en forma conjunta con los investigadores de la SubDDI. As\u00ed fueron pedidas las \u00f3rdenes de allanamiento y de secuestro de un autom\u00f3vil involucrado en dichos il\u00edcitos.<\/p>\n<p>&nbsp;<\/p>\n<p>Para el procedimiento que se concret\u00f3 este s\u00e1bado, el personal de los Grupos Operativos de la SubDDI Olavarr\u00eda actu\u00f3 conjuntamente con sus pares de DDI Azul y personal que prest\u00f3 colaboraci\u00f3n de GAD, Gabinete externo Comisaria Segunda, CPR, UPPL, CPO y Control Urbano Municipal.<\/p>\n<p>&nbsp;<\/p>\n<blockquote><p>Se remarc\u00f3 que los resultados fueron \u201caltamente positivos\u201d con el secuestro del autom\u00f3vil en cuesti\u00f3n, criquets, palancas, equipos de telefon\u00eda y otros elementos de inter\u00e9s que quedaron en custodia y a disposici\u00f3n de la UFI interviniente.<\/p><\/blockquote>\n<p>&nbsp;<\/p>\n<p>Las \u00f3rdenes judiciales fueron expedidas por el <strong>Juzgado de Garant\u00edas N\u00ba 1<\/strong> a cargo de la jueza Fabiana San Rom\u00e1n.<\/p>\n","protected":false},"excerpt":{"rendered":"<p>Numerosos art\u00edculos fueron secuestrados, entre ellos un auto, en tres domicilios en los que actu\u00f3 personal de la Sub DDI<\/p>\n","protected":false},"author":4,"featured_media":56391,"comment_status":"closed","ping_status":"closed","sticky":false,"template":"","format":"standard","meta":{"_jetpack_memberships_contains_paid_content":false,"footnotes":""},"categories":[14,1],"tags":[],"class_list":["post-60279","post","type-post","status-publish","format-standard","has-post-thumbnail","hentry","category-policiales","category-portada"],"jetpack_featured_media_url":"https:\/\/i0.wp.com\/cdnoticias.com\/wp-content\/uploads\/2022\/06\/SubDDI.jpeg?fit=1040%2C780&ssl=1","jetpack_sharing_enabled":true,"_links":{"self":[{"href":"https:\/\/cdnoticias.com\/index.php\/wp-json\/wp\/v2\/posts\/60279","targetHints":{"allow":["GET"]}}],"collection":[{"href":"https:\/\/cdnoticias.com\/index.php\/wp-json\/wp\/v2\/posts"}],"about":[{"href":"https:\/\/cdnoticias.com\/index.php\/wp-json\/wp\/v2\/types\/post"}],"author":[{"embeddable":true,"href":"https:\/\/cdnoticias.com\/index.php\/wp-json\/wp\/v2\/users\/4"}],"replies":[{"embeddable":true,"href":"https:\/\/cdnoticias.com\/index.php\/wp-json\/wp\/v2\/comments?post=60279"}],"version-history":[{"count":0,"href":"https:\/\/cdnoticias.com\/index.php\/wp-json\/wp\/v2\/posts\/60279\/revisions"}],"wp:featuredmedia":[{"embeddable":true,"href":"https:\/\/cdnoticias.com\/index.php\/wp-json\/wp\/v2\/media\/56391"}],"wp:attachment":[{"href":"https:\/\/cdnoticias.com\/index.php\/wp-json\/wp\/v2\/media?parent=60279"}],"wp:term":[{"taxonomy":"category","embeddable":true,"href":"https:\/\/cdnoticias.com\/index.php\/wp-json\/wp\/v2\/categories?post=60279"},{"taxonomy":"post_tag","embeddable":true,"href":"https:\/\/cdnoticias.com\/index.php\/wp-json\/wp\/v2\/tags?post=60279"}],"curies":[{"name":"wp","href":"https:\/\/api.w.org\/{rel}","templated":true}]}}