{"id":60271,"date":"2022-07-16T18:02:39","date_gmt":"2022-07-16T21:02:39","guid":{"rendered":"https:\/\/www.centraldenoticias.com.ar\/?p=60271"},"modified":"2022-07-17T10:38:29","modified_gmt":"2022-07-17T13:38:29","slug":"subsidios-en-servicios-publicos-coopelectric-sugiere-completar-el-formulario","status":"publish","type":"post","link":"https:\/\/cdnoticias.com\/index.php\/2022\/07\/16\/subsidios-en-servicios-publicos-coopelectric-sugiere-completar-el-formulario\/","title":{"rendered":"Subsidios en servicios p\u00fablicos: Coopelectric sugiere completar el formulario"},"content":{"rendered":"<p>La cooperativa emiti\u00f3 un nuevo comunicado sobre la segmentaci\u00f3n de tarifas y reiter\u00f3 que \u201cno hemos recibido instrucciones sobre su implementaci\u00f3n\u201d.<!--more--><\/p>\n<hr \/>\n<p><strong>Coopelectric<\/strong> volvi\u00f3 a emitir un comunicado sobre la medida que comenz\u00f3 a implementarse desde el Gobierno Nacional para la<strong> segmentaci\u00f3n de tarifas<\/strong>.<\/p>\n<p>&nbsp;<\/p>\n<p><strong>\u201cDesde el d\u00eda 15 de julio se encuentra a disposici\u00f3n de los usuarios y usuarias residenciales el formulario de adhesi\u00f3n para mantener el subsidio del Estado Nacional<\/strong> conforme a lo previsto en el Decreto PEN 332\/22\u201d se indic\u00f3 en el comunicado dado a conocer en la ma\u00f1ana de este s\u00e1bado.<\/p>\n<p>&nbsp;<\/p>\n<p><img data-recalc-dims=\"1\" loading=\"lazy\" decoding=\"async\" class=\"aligncenter wp-image-60174\" src=\"https:\/\/i0.wp.com\/cdnoticias.com\/wp-content\/uploads\/2022\/07\/segmentaciontarifa.png?resize=800%2C445&#038;ssl=1\" alt=\"\" width=\"800\" height=\"445\" srcset=\"https:\/\/i0.wp.com\/cdnoticias.com\/wp-content\/uploads\/2022\/07\/segmentaciontarifa.png?w=944&amp;ssl=1 944w, https:\/\/i0.wp.com\/cdnoticias.com\/wp-content\/uploads\/2022\/07\/segmentaciontarifa.png?resize=300%2C167&amp;ssl=1 300w, https:\/\/i0.wp.com\/cdnoticias.com\/wp-content\/uploads\/2022\/07\/segmentaciontarifa.png?resize=768%2C427&amp;ssl=1 768w, https:\/\/i0.wp.com\/cdnoticias.com\/wp-content\/uploads\/2022\/07\/segmentaciontarifa.png?resize=800%2C445&amp;ssl=1 800w\" sizes=\"auto, (max-width: 800px) 100vw, 800px\" \/><\/p>\n<p>&nbsp;<\/p>\n<blockquote><p>\u201cEn tal sentido, y debido a que a la fecha no hemos recibido instrucciones sobre su implementaci\u00f3n por parte de la autoridad regulatoria provincial, se sugiere que aquellas personas que consideren que les corresponde mantener el subsidio, completen el formulario que se encuentra en el sitio web: <a href=\"https:\/\/www.argentina.gob.ar\/subsidios\">https:\/\/www.argentina.gob.ar\/subsidios<\/a>\u201d destac\u00f3 la cooperativa de electricidad local.<\/p><\/blockquote>\n<p>&nbsp;<\/p>\n<p><a href=\"https:\/\/cdnoticias.com\/index.php\/2022\/07\/15\/segmentacion-de-tarifas-coopelectric-no-tiene-instrucciones-regulatorias\/\" target=\"_blank\" rel=\"noopener\">Este viernes, con el inicio de la implementaci\u00f3n del sistema, la cooperativa hab\u00eda emitido un primer comunicado<\/a> donde expuso igualmente que \u201chasta tanto contemos con las pertinentes instrucciones regulatorias emanadas por la Autoridad de Aplicaci\u00f3n Provincial,<strong> no ser\u00e1 posible implementar el r\u00e9gimen de segmentaci\u00f3n\u201d<\/strong>. En ese marco se dio a conocer que la Provincia de Buenos Aires trabaja a\u00fan en la adhesi\u00f3n al decreto nacional.<\/p>\n","protected":false},"excerpt":{"rendered":"<p>La cooperativa emiti\u00f3 un nuevo comunicado sobre la segmentaci\u00f3n de tarifas y reiter\u00f3 que \u201cno hemos recibido instrucciones sobre su<\/p>\n","protected":false},"author":4,"featured_media":453,"comment_status":"closed","ping_status":"closed","sticky":false,"template":"","format":"standard","meta":{"_jetpack_memberships_contains_paid_content":false,"footnotes":""},"categories":[5,1],"tags":[],"class_list":["post-60271","post","type-post","status-publish","format-standard","has-post-thumbnail","hentry","category-informacion-general","category-portada"],"jetpack_featured_media_url":"https:\/\/i0.wp.com\/cdnoticias.com\/wp-content\/uploads\/2020\/09\/DSC_8512.jpg?fit=4608%2C3072&ssl=1","jetpack_sharing_enabled":true,"_links":{"self":[{"href":"https:\/\/cdnoticias.com\/index.php\/wp-json\/wp\/v2\/posts\/60271","targetHints":{"allow":["GET"]}}],"collection":[{"href":"https:\/\/cdnoticias.com\/index.php\/wp-json\/wp\/v2\/posts"}],"about":[{"href":"https:\/\/cdnoticias.com\/index.php\/wp-json\/wp\/v2\/types\/post"}],"author":[{"embeddable":true,"href":"https:\/\/cdnoticias.com\/index.php\/wp-json\/wp\/v2\/users\/4"}],"replies":[{"embeddable":true,"href":"https:\/\/cdnoticias.com\/index.php\/wp-json\/wp\/v2\/comments?post=60271"}],"version-history":[{"count":0,"href":"https:\/\/cdnoticias.com\/index.php\/wp-json\/wp\/v2\/posts\/60271\/revisions"}],"wp:featuredmedia":[{"embeddable":true,"href":"https:\/\/cdnoticias.com\/index.php\/wp-json\/wp\/v2\/media\/453"}],"wp:attachment":[{"href":"https:\/\/cdnoticias.com\/index.php\/wp-json\/wp\/v2\/media?parent=60271"}],"wp:term":[{"taxonomy":"category","embeddable":true,"href":"https:\/\/cdnoticias.com\/index.php\/wp-json\/wp\/v2\/categories?post=60271"},{"taxonomy":"post_tag","embeddable":true,"href":"https:\/\/cdnoticias.com\/index.php\/wp-json\/wp\/v2\/tags?post=60271"}],"curies":[{"name":"wp","href":"https:\/\/api.w.org\/{rel}","templated":true}]}}