{"id":60260,"date":"2022-07-15T21:32:22","date_gmt":"2022-07-16T00:32:22","guid":{"rendered":"https:\/\/www.centraldenoticias.com.ar\/?p=60260"},"modified":"2022-07-16T10:14:01","modified_gmt":"2022-07-16T13:14:01","slug":"venta-ilegal-de-terrenos-la-fiscalia-utilizara-el-dictamen-realizado-por-la-comision-especial","status":"publish","type":"post","link":"https:\/\/cdnoticias.com\/index.php\/2022\/07\/15\/venta-ilegal-de-terrenos-la-fiscalia-utilizara-el-dictamen-realizado-por-la-comision-especial\/","title":{"rendered":"Venta ilegal de terrenos: la fiscal\u00eda utilizar\u00e1 el dictamen realizado por la Comisi\u00f3n Especial"},"content":{"rendered":"<p>As\u00ed fue confirmado por la fiscal de la causa, la doctora Paula Serrano, quien se\u00f1al\u00f3 que ir\u00e1 incorporando \u201cde manera legal\u201d el trabajo realizado por los ediles del cuerpo deliberativo. <!--more--><\/p>\n<hr \/>\n<p>Tras la presentaci\u00f3n d\u00edas atr\u00e1s del <a href=\"https:\/\/cdnoticias.com\/index.php\/2022\/07\/08\/venta-irregular-de-terrenos-el-dictamen-de-la-comision-del-hcd-se-envio-a-la-justicia\/\" target=\"_blank\" rel=\"noopener\">dictamen de la Comisi\u00f3n Especial que indag\u00f3 sobre la venta de terrenos ilegales en Olavarr\u00eda<\/a>, l<strong>a fiscal de la causa, la doctora Paula Serrano, confirm\u00f3 que utilizar\u00e1 la informaci\u00f3n recabada por los ediles para continuar con la investigaci\u00f3n.<\/strong><\/p>\n<p>&nbsp;<\/p>\n<p>Lo hizo en di\u00e1logo con el<a href=\"https:\/\/lu32.com.ar\/nota\/97550\/la-fiscal-serrano-utilizara-parte-de-la-informacion-generada-en-la-comision-del-concejo\" target=\"_blank\" rel=\"noopener\"> periodista Mart\u00edn Rodr\u00edguez de Radio Olavarr\u00eda este viernes<\/a>, y la fiscal fue cautelosa, a\u00fan, en torno a las responsabilidades del Estado o funcionarios en la causa caratulada como \u201cEstafas reiteradas\u201d.<\/p>\n<p>&nbsp;<\/p>\n<p>En este sentido,<strong> confirm\u00f3 que ir\u00e1 incorporando \u201cde manera legal\u201d lo remitido por el cuerpo deliberativo y destac\u00f3 que del trabajo <em>\u201chay mucha informaci\u00f3n para analizar\u201d<\/em><\/strong> m\u00e1s all\u00e1 que no podr\u00e1 tomar a pie juntillas lo presentado por los concejales dado que no pertenecen al Poder Judicial. <strong>S\u00ed podr\u00e1 usarlo de base para tener motivos para citar a funcionarios a declarar o a cualquier persona que all\u00ed lo hizo.<\/strong><\/p>\n<p>&nbsp;<\/p>\n<p>La comisi\u00f3n, que trabaj\u00f3 varios meses en la recolecci\u00f3n de informaci\u00f3n, testimonios y el dictamen correspondiente, estuvo presidida por la concejala del Frente de Todos, Mercedes Landivar e integrada por Celeste Arouxet (Ahora Olavarr\u00eda), Gast\u00f3n Sarachu (Foro Olavarr\u00eda-Frente Renovador en el Frente de Todos), Sebasti\u00e1n Matrella (UCR-Juntos) y Maite Salerno (Juntos).<\/p>\n<p>&nbsp;<\/p>\n<p>Con respecto a los avances de la causa, <strong>en unos d\u00edas habr\u00e1 informaci\u00f3n sobre el cruzamiento de llamadas entre los cuatro imputados y un informe que permitir\u00e1 tener avances concretos sobre c\u00f3mo pudieron establecerse las estafas y si efectivamente est\u00e1n implicados.<\/strong><\/p>\n<p>&nbsp;<\/p>\n<blockquote><p>Se trata de Claudio Ariel Peralta, Mariano Ciancio y los polic\u00edas del Comando de Patrullas de Olavarr\u00eda Leonardo Sampaoli y Nelson Loisa.<\/p><\/blockquote>\n<p>&nbsp;<\/p>\n<p>Del cruzamiento de llamadas y <strong>los allanamientos a las escriban\u00edas se certificar\u00e1 m\u00e1s \u201cclaridad\u201d al panorama.<\/strong> All\u00ed, en principio, se encontraron unas <strong>100 transacciones<\/strong> que tendr\u00edan relaci\u00f3n con la estafa. M\u00e1s all\u00e1 de la cantidad de transacciones, revel\u00f3 que los <strong>afectados hasta el momento son 40 vecinos.<\/strong><\/p>\n<p>&nbsp;<\/p>\n<blockquote><p>En su mayor\u00eda, expres\u00f3 Serrano, son terrenos particulares, aunque tambi\u00e9n hay unos pocos terrenos de la provincia y otros que la municipalidad hab\u00eda cedido a vecinos para que construyan y terminaron en otras manos.<\/p><\/blockquote>\n<p>&nbsp;<\/p>\n<p>Finalmente, advirti\u00f3 que <strong>ya declararon varios funcionarios de la Municipalidad en calidad de testimonial<\/strong>, como Diego Robbiani, Secretario de Desarrollo Humano, Mar\u00eda Jos\u00e9 Gonz\u00e1lez, a cargo de Casa de Tierras; Marcelo Fabbi, responsable de Legales y ex funcionarios como una mujer a cargo de Catastro.<\/p>\n","protected":false},"excerpt":{"rendered":"<p>As\u00ed fue confirmado por la fiscal de la causa, la doctora Paula Serrano, quien se\u00f1al\u00f3 que ir\u00e1 incorporando \u201cde manera<\/p>\n","protected":false},"author":2,"featured_media":55224,"comment_status":"closed","ping_status":"closed","sticky":false,"template":"","format":"standard","meta":{"_jetpack_memberships_contains_paid_content":false,"footnotes":""},"categories":[14,1],"tags":[],"class_list":["post-60260","post","type-post","status-publish","format-standard","has-post-thumbnail","hentry","category-policiales","category-portada"],"jetpack_featured_media_url":"https:\/\/i0.wp.com\/cdnoticias.com\/wp-content\/uploads\/2022\/05\/HCD-comision-terrenos-2.jpg?fit=1827%2C883&ssl=1","jetpack_sharing_enabled":true,"_links":{"self":[{"href":"https:\/\/cdnoticias.com\/index.php\/wp-json\/wp\/v2\/posts\/60260","targetHints":{"allow":["GET"]}}],"collection":[{"href":"https:\/\/cdnoticias.com\/index.php\/wp-json\/wp\/v2\/posts"}],"about":[{"href":"https:\/\/cdnoticias.com\/index.php\/wp-json\/wp\/v2\/types\/post"}],"author":[{"embeddable":true,"href":"https:\/\/cdnoticias.com\/index.php\/wp-json\/wp\/v2\/users\/2"}],"replies":[{"embeddable":true,"href":"https:\/\/cdnoticias.com\/index.php\/wp-json\/wp\/v2\/comments?post=60260"}],"version-history":[{"count":0,"href":"https:\/\/cdnoticias.com\/index.php\/wp-json\/wp\/v2\/posts\/60260\/revisions"}],"wp:featuredmedia":[{"embeddable":true,"href":"https:\/\/cdnoticias.com\/index.php\/wp-json\/wp\/v2\/media\/55224"}],"wp:attachment":[{"href":"https:\/\/cdnoticias.com\/index.php\/wp-json\/wp\/v2\/media?parent=60260"}],"wp:term":[{"taxonomy":"category","embeddable":true,"href":"https:\/\/cdnoticias.com\/index.php\/wp-json\/wp\/v2\/categories?post=60260"},{"taxonomy":"post_tag","embeddable":true,"href":"https:\/\/cdnoticias.com\/index.php\/wp-json\/wp\/v2\/tags?post=60260"}],"curies":[{"name":"wp","href":"https:\/\/api.w.org\/{rel}","templated":true}]}}