{"id":60258,"date":"2022-07-15T20:45:05","date_gmt":"2022-07-15T23:45:05","guid":{"rendered":"https:\/\/www.centraldenoticias.com.ar\/?p=60258"},"modified":"2022-07-15T21:32:31","modified_gmt":"2022-07-16T00:32:31","slug":"caso-daiana-abregu-la-reautopsia-confirmo-que-la-joven-no-se-ahorco","status":"publish","type":"post","link":"https:\/\/cdnoticias.com\/index.php\/2022\/07\/15\/caso-daiana-abregu-la-reautopsia-confirmo-que-la-joven-no-se-ahorco\/","title":{"rendered":"Caso Daiana Abreg\u00fa: la reautopsia confirm\u00f3 que la joven no se ahorc\u00f3"},"content":{"rendered":"<p>As\u00ed lo indic\u00f3 la Comisi\u00f3n Provincial por la Memoria, luego de realizar la autopsia bajo el protocolo Minnesota. Ahora se deber\u00e1 determinar las causas de muerte.<!--more--><\/p>\n<hr \/>\n<p>Luego del <strong>pedido de la Comisi\u00f3n por la Memoria de una reautopsia al cuerpo de la joven Daiana Abreg\u00fa<\/strong>, quien muri\u00f3 en un calabozo de una Comisar\u00eda en Laprida, <strong>se confirm\u00f3 que \u201cno se ahorc\u00f3\u201d y deber\u00e1n indagar sobre las causas de la muerte.<\/strong><\/p>\n<p>&nbsp;<\/p>\n<p>Dicho informe de la reautopsia confirm\u00f3 que se realiz\u00f3 cumpliendo con el protocolo Minnesota, <em>\u201cherramienta pericial dise\u00f1ada para el an\u00e1lisis de muertes bajo custodia estatal\u201d.<\/em> All\u00ed, se indic\u00f3 que<strong><em> \u201cno se encontraron en el cuello y v\u00edas superiores, marcas o lesiones compatibles con un lazo de ahorcamiento\u201d,<\/em><\/strong> que contrasta con la versi\u00f3n policial de que Daiana se hab\u00eda ahorcado en el calabozo de la comisar\u00eda de Laprida.<\/p>\n<p>&nbsp;<\/p>\n<p>La Comisi\u00f3n por la Memoria acus\u00f3 al fiscal de la causa, el doctor Ignacio Calonje, de demorar la medida judicial<em> \u201cponiendo en riesgo los resultados que, no obstante su accionar, salen a la luz\u201d.<\/em><\/p>\n<p>&nbsp;<\/p>\n<blockquote><p>La joven, se explic\u00f3, <em>\u201cno presentaba lesiones en el cuello compatibles con el ahorcamiento y muri\u00f3 por un cuadro general asf\u00edctico\u201d.<\/em><\/p><\/blockquote>\n<p>&nbsp;<\/p>\n<p><strong><em>\u201cA la espera de los informes finales, este resultado echa por tierra la hip\u00f3tesis del suicidio, tal como hab\u00edan sostenido los funcionarios policiales desde el primer momento.\u00a0 Es decir, la escena en que fue hallado su cuerpo fue armada por los funcionarios policiales para ocultar lo ocurrido, confirmando varios indicios obrantes en la causa\u201d<\/em> <\/strong>agregaron en un comunicado.<\/p>\n<p>&nbsp;<\/p>\n<p>Textual, el informe se\u00f1ala que <em>\u201cexaminado el cuello, no se observ\u00f3 surco de ahorcadura\u201d<\/em>, adem\u00e1s se afirma que <strong><em>\u201cno se constataron lesiones en m\u00fasculos del cuello\u2026 no se constataron alteraciones en laringe. Hueso hioides indemne\u201d.<\/em><\/strong> La joven muri\u00f3 por un <em>\u201cs\u00edndrome general asf\u00edctico\u201d<\/em>; y los estudios complementarios y el informe definitivo deber\u00e1n demostrar con qu\u00e9 mecanismo se produjo la muerte.<\/p>\n<p>&nbsp;<\/p>\n<p>El trabajo con el protocolo Minessota se realiz\u00f3 en la Asesor\u00eda Pericial de La Plata, y cont\u00f3 con un cuerpo de peritos todos m\u00e9dicos forenses: Dres. Maria Andrea Noms, Ruben Neme y Claudia Becerra. Tambi\u00e9n con la participaci\u00f3n del perito de parte de la CPM, Mariano Salgado.<\/p>\n<p>&nbsp;<\/p>\n<blockquote><p>\u201cEste resultado y otras pruebas que constan en el expediente obligan a profundizar la hip\u00f3tesis del homicidio y la responsabilidad de los funcionarios policiales que fraguaron la escena de la muerte\u201d.<\/p><\/blockquote>\n<p>&nbsp;<\/p>\n<p>Finalmente, <strong>valoraron la labor del Fiscal General del Departamento judicial de Azul, doctor Marcelo Sobrino<\/strong>, que tras las <em>\u201cmaniobras dilatorias\u201d<\/em> del fiscal Calonje recomend\u00f3 la realizaci\u00f3n de la autopsia <em>\u201cy permiti\u00f3 avanzar con esta medida de prueba\u201d.<\/em><\/p>\n","protected":false},"excerpt":{"rendered":"<p>As\u00ed lo indic\u00f3 la Comisi\u00f3n Provincial por la Memoria, luego de realizar la autopsia bajo el protocolo Minnesota. Ahora se<\/p>\n","protected":false},"author":2,"featured_media":56811,"comment_status":"closed","ping_status":"closed","sticky":false,"template":"","format":"standard","meta":{"_jetpack_memberships_contains_paid_content":false,"footnotes":""},"categories":[14,1],"tags":[],"class_list":["post-60258","post","type-post","status-publish","format-standard","has-post-thumbnail","hentry","category-policiales","category-portada"],"jetpack_featured_media_url":"https:\/\/i0.wp.com\/cdnoticias.com\/wp-content\/uploads\/2022\/06\/comisaria-laprida.jpg?fit=777%2C474&ssl=1","jetpack_sharing_enabled":true,"_links":{"self":[{"href":"https:\/\/cdnoticias.com\/index.php\/wp-json\/wp\/v2\/posts\/60258","targetHints":{"allow":["GET"]}}],"collection":[{"href":"https:\/\/cdnoticias.com\/index.php\/wp-json\/wp\/v2\/posts"}],"about":[{"href":"https:\/\/cdnoticias.com\/index.php\/wp-json\/wp\/v2\/types\/post"}],"author":[{"embeddable":true,"href":"https:\/\/cdnoticias.com\/index.php\/wp-json\/wp\/v2\/users\/2"}],"replies":[{"embeddable":true,"href":"https:\/\/cdnoticias.com\/index.php\/wp-json\/wp\/v2\/comments?post=60258"}],"version-history":[{"count":0,"href":"https:\/\/cdnoticias.com\/index.php\/wp-json\/wp\/v2\/posts\/60258\/revisions"}],"wp:featuredmedia":[{"embeddable":true,"href":"https:\/\/cdnoticias.com\/index.php\/wp-json\/wp\/v2\/media\/56811"}],"wp:attachment":[{"href":"https:\/\/cdnoticias.com\/index.php\/wp-json\/wp\/v2\/media?parent=60258"}],"wp:term":[{"taxonomy":"category","embeddable":true,"href":"https:\/\/cdnoticias.com\/index.php\/wp-json\/wp\/v2\/categories?post=60258"},{"taxonomy":"post_tag","embeddable":true,"href":"https:\/\/cdnoticias.com\/index.php\/wp-json\/wp\/v2\/tags?post=60258"}],"curies":[{"name":"wp","href":"https:\/\/api.w.org\/{rel}","templated":true}]}}