{"id":60243,"date":"2022-07-15T19:32:50","date_gmt":"2022-07-15T22:32:50","guid":{"rendered":"https:\/\/www.centraldenoticias.com.ar\/?p=60243"},"modified":"2022-07-15T19:32:50","modified_gmt":"2022-07-15T22:32:50","slug":"viernesdeadopciones-freya-busca-un-nuevo-hogar","status":"publish","type":"post","link":"https:\/\/cdnoticias.com\/index.php\/2022\/07\/15\/viernesdeadopciones-freya-busca-un-nuevo-hogar\/","title":{"rendered":"#ViernesDeAdopciones: Freya busca un nuevo hogar"},"content":{"rendered":"<p>Es una perrita joven, muy cari\u00f1osa y sociable, que se adapta a perros y gatos.<!--more--><\/p>\n<hr \/>\n<p>&nbsp;<\/p>\n<p>Como sucede en cada cierre de semana, en el marco de la iniciativa denominada<strong> #ViernesDeAdopciones,<\/strong> desde la Direcci\u00f3n de Bromatolog\u00eda Municipal se da a conocer a la comunidad aquellas mascotas que se encuentran en el predio ubicado sobre<strong> avenida Urquiza al 5493<\/strong> en la espera de tener un nuevo hogar.<\/p>\n<p>&nbsp;<\/p>\n<p>En esta ocasi\u00f3n <strong>se trata de Freya, una perrita que lleg\u00f3 a Bromatolog\u00eda y lamentablemente result\u00f3 lastimada por otros perros del lugar.<\/strong> Se detall\u00f3 que en varias ocasiones ha retornado a ese punto pero el objetivo es que una familia la adopte y no se la tenga que ingresar a un canil.<\/p>\n<p>&nbsp;<\/p>\n<p>Es de<strong> tama\u00f1o peque\u00f1o a mediano, est\u00e1 castrada<\/strong> y como rasgo distintivo tiene una oreja cortada. Es una <strong>perrita joven, muy cari\u00f1osa y sociable, que se adapta a perros y gatos.<\/strong><\/p>\n<p>&nbsp;<\/p>\n<p>Los interesados en sumar un integrante a su hogar, pueden acercarse a conocerlos al predio, de <strong>lunes a viernes entre las 9:00 y las 13:00.<\/strong> All\u00ed, un profesional veterinario los presentar\u00e1 y contar\u00e1 sus caracter\u00edsticas. Tambi\u00e9n, para conocer el listado de animales en adopci\u00f3n, se puede consultar en las redes oficiales del Municipio.<\/p>\n","protected":false},"excerpt":{"rendered":"<p>Es una perrita joven, muy cari\u00f1osa y sociable, que se adapta a perros y gatos.<\/p>\n","protected":false},"author":6,"featured_media":60244,"comment_status":"closed","ping_status":"closed","sticky":false,"template":"","format":"standard","meta":{"_jetpack_memberships_contains_paid_content":false,"footnotes":""},"categories":[5,1],"tags":[],"class_list":["post-60243","post","type-post","status-publish","format-standard","has-post-thumbnail","hentry","category-informacion-general","category-portada"],"jetpack_featured_media_url":"https:\/\/i0.wp.com\/cdnoticias.com\/wp-content\/uploads\/2022\/07\/Bromatologia-Viernes-Adopciones-Freya-1-1024x682-1.jpg?fit=1024%2C682&ssl=1","jetpack_sharing_enabled":true,"_links":{"self":[{"href":"https:\/\/cdnoticias.com\/index.php\/wp-json\/wp\/v2\/posts\/60243","targetHints":{"allow":["GET"]}}],"collection":[{"href":"https:\/\/cdnoticias.com\/index.php\/wp-json\/wp\/v2\/posts"}],"about":[{"href":"https:\/\/cdnoticias.com\/index.php\/wp-json\/wp\/v2\/types\/post"}],"author":[{"embeddable":true,"href":"https:\/\/cdnoticias.com\/index.php\/wp-json\/wp\/v2\/users\/6"}],"replies":[{"embeddable":true,"href":"https:\/\/cdnoticias.com\/index.php\/wp-json\/wp\/v2\/comments?post=60243"}],"version-history":[{"count":0,"href":"https:\/\/cdnoticias.com\/index.php\/wp-json\/wp\/v2\/posts\/60243\/revisions"}],"wp:featuredmedia":[{"embeddable":true,"href":"https:\/\/cdnoticias.com\/index.php\/wp-json\/wp\/v2\/media\/60244"}],"wp:attachment":[{"href":"https:\/\/cdnoticias.com\/index.php\/wp-json\/wp\/v2\/media?parent=60243"}],"wp:term":[{"taxonomy":"category","embeddable":true,"href":"https:\/\/cdnoticias.com\/index.php\/wp-json\/wp\/v2\/categories?post=60243"},{"taxonomy":"post_tag","embeddable":true,"href":"https:\/\/cdnoticias.com\/index.php\/wp-json\/wp\/v2\/tags?post=60243"}],"curies":[{"name":"wp","href":"https:\/\/api.w.org\/{rel}","templated":true}]}}