{"id":60195,"date":"2022-07-15T17:20:45","date_gmt":"2022-07-15T20:20:45","guid":{"rendered":"https:\/\/www.centraldenoticias.com.ar\/?p=60195"},"modified":"2022-07-15T18:17:04","modified_gmt":"2022-07-15T21:17:04","slug":"114-familias-van-a-poder-acceder-a-un-lote-para-sonar-con-un-techo-propio","status":"publish","type":"post","link":"https:\/\/cdnoticias.com\/index.php\/2022\/07\/15\/114-familias-van-a-poder-acceder-a-un-lote-para-sonar-con-un-techo-propio\/","title":{"rendered":"\u201c114 familias van a poder acceder a un lote para so\u00f1ar con un techo propio\u201d"},"content":{"rendered":"<p>As\u00ed lo indic\u00f3 el intendente Ezequiel Galli. El convenio fue firmado con la secretaria de Integraci\u00f3n Socio Urbana del Ministerio de Desarrollo Social de la Naci\u00f3n Fernanda Mi\u00f1o.<!--more--><\/p>\n<hr \/>\n<p>&nbsp;<\/p>\n<p><strong>\u201cEs un d\u00eda de mucha emoci\u00f3n, porque 114 familias de Olavarr\u00eda van a poder acceder a un lote para so\u00f1ar con un techo propio, su vivienda\u201d<\/strong>, dijo el <strong>intendente Ezequiel Galli<\/strong> en el momento previo a firmar un convenio del <strong>Fondo para la Integraci\u00f3n Socio Urbana<\/strong> (FISU) -del Ministerio de Desarrollo Social de la Naci\u00f3n- que le permitir\u00e1 a Olavarr\u00eda contar con 114 nuevos lotes con servicios, para que m\u00e1s familias del Partido puedan cumplir el sue\u00f1o de la casa propia.<\/p>\n<p>&nbsp;<\/p>\n<p>El convenio fue firmado con la<strong> secretaria de Integraci\u00f3n Socio Urbana del Ministerio de Desarrollo Social de la Naci\u00f3n Fernanda Mi\u00f1o.<\/strong> Tambi\u00e9n estuvieron presentes funcionarios provinciales, municipales, la presidente del HCD Cecilia Krivochen, concejales, medios de comunicaci\u00f3n y p\u00fablico en general.<\/p>\n<p>&nbsp;<\/p>\n<p>Se inform\u00f3 que los<strong> nuevos 114 lotes de dominio municipal<\/strong> est\u00e1n situados en la Chacra 398, ubicada entre avenida M\u00e1rquez, Sargento Cabral, Vicente Bah\u00eda y la calle Dorrego.<\/p>\n<p>&nbsp;<\/p>\n<p>El Fondo de Integraci\u00f3n Socio Urbana (FISU), creado por el Decreto N\u00b0 819\/2019 conforme lo definido en la Ley N.\u00ba 27.453, tiene como objetivo principal el <strong>financiamiento de proyectos de integraci\u00f3n socio urbana para los barrios populares<\/strong> que se encuentren inscriptos en el<strong> Registro Nacional de Barrios Populares<\/strong> (RENABAP) y la creaci\u00f3n de lotes con servicios.<\/p>\n<p>&nbsp;<\/p>\n<p><img data-recalc-dims=\"1\" loading=\"lazy\" decoding=\"async\" class=\"aligncenter wp-image-60199 size-large\" src=\"https:\/\/i0.wp.com\/cdnoticias.com\/wp-content\/uploads\/2022\/07\/gjghjghj.jpg?resize=800%2C534&#038;ssl=1\" alt=\"\" width=\"800\" height=\"534\" srcset=\"https:\/\/i0.wp.com\/cdnoticias.com\/wp-content\/uploads\/2022\/07\/gjghjghj-scaled.jpg?resize=1024%2C683&amp;ssl=1 1024w, https:\/\/i0.wp.com\/cdnoticias.com\/wp-content\/uploads\/2022\/07\/gjghjghj-scaled.jpg?resize=300%2C200&amp;ssl=1 300w, https:\/\/i0.wp.com\/cdnoticias.com\/wp-content\/uploads\/2022\/07\/gjghjghj-scaled.jpg?resize=768%2C512&amp;ssl=1 768w, https:\/\/i0.wp.com\/cdnoticias.com\/wp-content\/uploads\/2022\/07\/gjghjghj-scaled.jpg?resize=1536%2C1024&amp;ssl=1 1536w, https:\/\/i0.wp.com\/cdnoticias.com\/wp-content\/uploads\/2022\/07\/gjghjghj-scaled.jpg?resize=2048%2C1365&amp;ssl=1 2048w, https:\/\/i0.wp.com\/cdnoticias.com\/wp-content\/uploads\/2022\/07\/gjghjghj-scaled.jpg?resize=272%2C182&amp;ssl=1 272w, https:\/\/i0.wp.com\/cdnoticias.com\/wp-content\/uploads\/2022\/07\/gjghjghj-scaled.jpg?w=1600&amp;ssl=1 1600w, https:\/\/i0.wp.com\/cdnoticias.com\/wp-content\/uploads\/2022\/07\/gjghjghj-scaled.jpg?w=2400&amp;ssl=1 2400w\" sizes=\"auto, (max-width: 800px) 100vw, 800px\" \/><\/p>\n<p>&nbsp;<\/p>\n<p>\u201c<strong>Es una realidad gracias al trabajo articulado entre el Gobierno Nacional y Municipal.<\/strong> Venimos trabajando desde hace casi dos a\u00f1os en este proyecto \u2013por lo que felicito al equipo de Obras P\u00fablicas- y el ida y vuelta entre Municipio y Ministerio nunca se fren\u00f3\u201d, manifest\u00f3 el intendente Galli.<\/p>\n<p>&nbsp;<\/p>\n<p>Adem\u00e1s, remarc\u00f3 que \u201c<strong>Municipio pone la tierra y el Gobierno Nacional pone los fondos para los servicios.<\/strong> Estos casi 200 millones de pesos de inversi\u00f3n van a permitir que este loteo tenga todos los servicios\u201d.<\/p>\n<p>&nbsp;<\/p>\n<p><em><strong>\u201cEs un sue\u00f1o cumplido para todos. Esta articulaci\u00f3n debe continuar, trabajarse de esta manera, seria y responsable, y llegar al punto de la firma del convenio para empezar a trabajar sobre las obras\u201d<\/strong><\/em>, sostuvo el Intendente.<\/p>\n<p>&nbsp;<\/p>\n<p><img data-recalc-dims=\"1\" loading=\"lazy\" decoding=\"async\" class=\"aligncenter wp-image-60198 size-large\" src=\"https:\/\/i0.wp.com\/cdnoticias.com\/wp-content\/uploads\/2022\/07\/ghjghj.jpg?resize=800%2C534&#038;ssl=1\" alt=\"\" width=\"800\" height=\"534\" srcset=\"https:\/\/i0.wp.com\/cdnoticias.com\/wp-content\/uploads\/2022\/07\/ghjghj-scaled.jpg?resize=1024%2C683&amp;ssl=1 1024w, https:\/\/i0.wp.com\/cdnoticias.com\/wp-content\/uploads\/2022\/07\/ghjghj-scaled.jpg?resize=300%2C200&amp;ssl=1 300w, https:\/\/i0.wp.com\/cdnoticias.com\/wp-content\/uploads\/2022\/07\/ghjghj-scaled.jpg?resize=768%2C512&amp;ssl=1 768w, https:\/\/i0.wp.com\/cdnoticias.com\/wp-content\/uploads\/2022\/07\/ghjghj-scaled.jpg?resize=1536%2C1024&amp;ssl=1 1536w, https:\/\/i0.wp.com\/cdnoticias.com\/wp-content\/uploads\/2022\/07\/ghjghj-scaled.jpg?resize=2048%2C1365&amp;ssl=1 2048w, https:\/\/i0.wp.com\/cdnoticias.com\/wp-content\/uploads\/2022\/07\/ghjghj-scaled.jpg?resize=272%2C182&amp;ssl=1 272w, https:\/\/i0.wp.com\/cdnoticias.com\/wp-content\/uploads\/2022\/07\/ghjghj-scaled.jpg?w=1600&amp;ssl=1 1600w, https:\/\/i0.wp.com\/cdnoticias.com\/wp-content\/uploads\/2022\/07\/ghjghj-scaled.jpg?w=2400&amp;ssl=1 2400w\" sizes=\"auto, (max-width: 800px) 100vw, 800px\" \/><\/p>\n<p>&nbsp;<\/p>\n<p>Finalmente Galli explic\u00f3 que \u201ceste terreno dentro de muy poco va a empezar a tener forma de barrio y dentro de un tiempo sus primeros cimientos, ladrillos, casas, hogares.<strong> Celebro este trabajo, porque trabajando en conjunto vamos a cumplir m\u00e1s de 114 sue\u00f1os\u201d.<\/strong><\/p>\n<p>&nbsp;<\/p>\n<p><img data-recalc-dims=\"1\" loading=\"lazy\" decoding=\"async\" class=\"aligncenter wp-image-60196 size-large\" src=\"https:\/\/i0.wp.com\/cdnoticias.com\/wp-content\/uploads\/2022\/07\/DSC_9089.jpg?resize=800%2C445&#038;ssl=1\" alt=\"\" width=\"800\" height=\"445\" srcset=\"https:\/\/i0.wp.com\/cdnoticias.com\/wp-content\/uploads\/2022\/07\/DSC_9089-scaled.jpg?resize=1024%2C570&amp;ssl=1 1024w, https:\/\/i0.wp.com\/cdnoticias.com\/wp-content\/uploads\/2022\/07\/DSC_9089-scaled.jpg?resize=300%2C167&amp;ssl=1 300w, https:\/\/i0.wp.com\/cdnoticias.com\/wp-content\/uploads\/2022\/07\/DSC_9089-scaled.jpg?resize=768%2C427&amp;ssl=1 768w, https:\/\/i0.wp.com\/cdnoticias.com\/wp-content\/uploads\/2022\/07\/DSC_9089-scaled.jpg?resize=1536%2C855&amp;ssl=1 1536w, https:\/\/i0.wp.com\/cdnoticias.com\/wp-content\/uploads\/2022\/07\/DSC_9089-scaled.jpg?resize=2048%2C1140&amp;ssl=1 2048w, https:\/\/i0.wp.com\/cdnoticias.com\/wp-content\/uploads\/2022\/07\/DSC_9089-scaled.jpg?resize=800%2C445&amp;ssl=1 800w, https:\/\/i0.wp.com\/cdnoticias.com\/wp-content\/uploads\/2022\/07\/DSC_9089-scaled.jpg?w=1600&amp;ssl=1 1600w, https:\/\/i0.wp.com\/cdnoticias.com\/wp-content\/uploads\/2022\/07\/DSC_9089-scaled.jpg?w=2400&amp;ssl=1 2400w\" sizes=\"auto, (max-width: 800px) 100vw, 800px\" \/><\/p>\n<p>&nbsp;<\/p>\n<p>Por su parte, la secretaria de Integraci\u00f3n Socio Urbana del Ministerio de Desarrollo Social de la Naci\u00f3n <strong>Fernanda Mi\u00f1o<\/strong> manifest\u00f3 que <em><strong>&#8220;una gran alegr\u00eda venir a Olavarr\u00eda a firmar este convenio tan esperado. Hicimos este acuerdo junto con el Municipio para que empecemos a so\u00f1ar\u201d.\u00a0<\/strong><\/em><\/p>\n<p>&nbsp;<\/p>\n<p>El financiamiento de estas obras propicia el acceso a los servicios b\u00e1sicos, la mejora y ampliaci\u00f3n del equipamiento social y de la infraestructura, el tratamiento de los espacios p\u00fablicos, la eliminaci\u00f3n de barreras urbanas y la mejora en la accesibilidad, la conectividad y la mitigaci\u00f3n de riesgos ambientales.<\/p>\n<p>&nbsp;<\/p>\n<p>La realizaci\u00f3n del proyecto, que prev\u00e9 una inversi\u00f3n cercana a los 200 millones de pesos, contempla la apertura de calles, red vehicular y pluvial, red de agua, red de electricidad, alumbrado p\u00fablico, red de gas, arbolado y red peatonal, entre otros.<\/p>\n","protected":false},"excerpt":{"rendered":"<p>As\u00ed lo indic\u00f3 el intendente Ezequiel Galli. El convenio fue firmado con la secretaria de Integraci\u00f3n Socio Urbana del Ministerio<\/p>\n","protected":false},"author":2,"featured_media":60197,"comment_status":"closed","ping_status":"closed","sticky":false,"template":"","format":"standard","meta":{"_jetpack_memberships_contains_paid_content":false,"footnotes":""},"categories":[5,1],"tags":[],"class_list":["post-60195","post","type-post","status-publish","format-standard","has-post-thumbnail","hentry","category-informacion-general","category-portada"],"jetpack_featured_media_url":"https:\/\/i0.wp.com\/cdnoticias.com\/wp-content\/uploads\/2022\/07\/fdfsf-scaled.jpg?fit=2560%2C1662&ssl=1","jetpack_sharing_enabled":true,"_links":{"self":[{"href":"https:\/\/cdnoticias.com\/index.php\/wp-json\/wp\/v2\/posts\/60195","targetHints":{"allow":["GET"]}}],"collection":[{"href":"https:\/\/cdnoticias.com\/index.php\/wp-json\/wp\/v2\/posts"}],"about":[{"href":"https:\/\/cdnoticias.com\/index.php\/wp-json\/wp\/v2\/types\/post"}],"author":[{"embeddable":true,"href":"https:\/\/cdnoticias.com\/index.php\/wp-json\/wp\/v2\/users\/2"}],"replies":[{"embeddable":true,"href":"https:\/\/cdnoticias.com\/index.php\/wp-json\/wp\/v2\/comments?post=60195"}],"version-history":[{"count":0,"href":"https:\/\/cdnoticias.com\/index.php\/wp-json\/wp\/v2\/posts\/60195\/revisions"}],"wp:featuredmedia":[{"embeddable":true,"href":"https:\/\/cdnoticias.com\/index.php\/wp-json\/wp\/v2\/media\/60197"}],"wp:attachment":[{"href":"https:\/\/cdnoticias.com\/index.php\/wp-json\/wp\/v2\/media?parent=60195"}],"wp:term":[{"taxonomy":"category","embeddable":true,"href":"https:\/\/cdnoticias.com\/index.php\/wp-json\/wp\/v2\/categories?post=60195"},{"taxonomy":"post_tag","embeddable":true,"href":"https:\/\/cdnoticias.com\/index.php\/wp-json\/wp\/v2\/tags?post=60195"}],"curies":[{"name":"wp","href":"https:\/\/api.w.org\/{rel}","templated":true}]}}