{"id":60190,"date":"2022-07-15T13:23:08","date_gmt":"2022-07-15T16:23:08","guid":{"rendered":"https:\/\/www.centraldenoticias.com.ar\/?p=60190"},"modified":"2022-07-15T17:22:14","modified_gmt":"2022-07-15T20:22:14","slug":"segmentacion-de-tarifas-coopelectric-no-tiene-instrucciones-regulatorias","status":"publish","type":"post","link":"https:\/\/cdnoticias.com\/index.php\/2022\/07\/15\/segmentacion-de-tarifas-coopelectric-no-tiene-instrucciones-regulatorias\/","title":{"rendered":"Segmentaci\u00f3n de tarifas: Coopelectric no tiene \u201cinstrucciones regulatorias\u201d"},"content":{"rendered":"<p>La cooperativa emiti\u00f3 un comunicado sobre el tema. \u201cNo ser\u00e1 posible implementar el r\u00e9gimen\u201d se indic\u00f3.<!--more--><\/p>\n<hr \/>\n<p><a href=\"https:\/\/cdnoticias.com\/index.php\/2022\/07\/15\/ya-esta-habilitado-el-formulario-para-mantener-los-subsidios-en-los-servicios\/\" target=\"_blank\" rel=\"noopener\">Con el inicio de la inscripci\u00f3n en la segmentaci\u00f3n de tarifas que dispuso el Gobierno Nacional,<\/a> <strong>Coopelectric emiti\u00f3 un comunicado en el que indic\u00f3 que \u201cno ser\u00e1 posible implementar el r\u00e9gimen\u201d debido a que a\u00fan no tiene \u201cinstrucciones regulatorias\u201d.<\/strong><\/p>\n<p>&nbsp;<\/p>\n<p>La segmentaci\u00f3n rige para los servicios de electricidad y de gas en todo el pa\u00eds. Aunque en el caso de<strong> electricidad, se trata de un r\u00e9gimen provincial<\/strong> con lo que se requiere que la Provincia de Buenos Aires adhiera a las disposiciones nacionales para que la distribuidora local implemente las modificaciones.<\/p>\n<p>&nbsp;<\/p>\n<blockquote><p>\u201cComunicamos a los usuarios de Olavarr\u00eda, que en la provincia de Buenos Aires a\u00fan se encuentra en proceso la implementaci\u00f3n del Decreto del Poder Ejecutivo Nacional DNU 332\/22 sobre el \u00b4R\u00e9gimen de Segmentaci\u00f3n de Subsidios\u00b4 publicado el pasado 16 de junio de 2022\u201d indic\u00f3 Coopelectric en el comunicado.<\/p><\/blockquote>\n<p>&nbsp;<\/p>\n<p>En ese sentido se agreg\u00f3 que para la \u201cefectiva aplicaci\u00f3n\u201d deber\u00e1n cumplimentarse varios aspectos. El primero de ellos es la<em> \u201cdefinici\u00f3n por parte de la Secretar\u00eda de Energ\u00eda de la Naci\u00f3n de normas de implementaci\u00f3n y de categorizaci\u00f3n correspondiente a cada uno de los tres segmentos definidos (niveles 1 a 3)\u201d<\/em>.<\/p>\n<p>&nbsp;<\/p>\n<p>Adem\u00e1s, debe concretarse la<strong> \u201ccelebraci\u00f3n de convenios entre la Secretar\u00eda de Energ\u00eda de la Naci\u00f3n y los poderes concedentes<\/strong> de servicios p\u00fablicos en las diferentes jurisdicciones\u201d.<\/p>\n<p>&nbsp;<\/p>\n<p>\u201cDe ser as\u00ed convenido con la Naci\u00f3n,<strong> las autoridades provinciales tendr\u00e1n a su cargo la implementaci\u00f3n del procedimiento de identificaci\u00f3n y asignaci\u00f3n de subsidios a los usuarios y las usuarias<\/strong> residenciales de energ\u00eda el\u00e9ctrica, la comunicaci\u00f3n de la categorizaci\u00f3n y la supervisi\u00f3n de la implementaci\u00f3n\u201d se expuso sobre el tercer paso.<\/p>\n<p>&nbsp;<\/p>\n<blockquote><p>\u201cPor tal motivo, hasta tanto contemos con las pertinentes instrucciones regulatorias emanadas por la Autoridad de Aplicaci\u00f3n Provincial, no ser\u00e1 posible implementar el r\u00e9gimen de segmentaci\u00f3n establecido en el DNU 332\/22 ni podremos recibir los formularios que al efecto se hayan definido\u201d se inform\u00f3 desde Coopelectric.<\/p><\/blockquote>\n","protected":false},"excerpt":{"rendered":"<p>La cooperativa emiti\u00f3 un comunicado sobre el tema. \u201cNo ser\u00e1 posible implementar el r\u00e9gimen\u201d se indic\u00f3.<\/p>\n","protected":false},"author":4,"featured_media":39704,"comment_status":"closed","ping_status":"closed","sticky":false,"template":"","format":"standard","meta":{"_jetpack_memberships_contains_paid_content":false,"footnotes":""},"categories":[5,1],"tags":[],"class_list":["post-60190","post","type-post","status-publish","format-standard","has-post-thumbnail","hentry","category-informacion-general","category-portada"],"jetpack_featured_media_url":"https:\/\/i0.wp.com\/cdnoticias.com\/wp-content\/uploads\/2021\/11\/coopelectric-0.jpg?fit=1000%2C556&ssl=1","jetpack_sharing_enabled":true,"_links":{"self":[{"href":"https:\/\/cdnoticias.com\/index.php\/wp-json\/wp\/v2\/posts\/60190","targetHints":{"allow":["GET"]}}],"collection":[{"href":"https:\/\/cdnoticias.com\/index.php\/wp-json\/wp\/v2\/posts"}],"about":[{"href":"https:\/\/cdnoticias.com\/index.php\/wp-json\/wp\/v2\/types\/post"}],"author":[{"embeddable":true,"href":"https:\/\/cdnoticias.com\/index.php\/wp-json\/wp\/v2\/users\/4"}],"replies":[{"embeddable":true,"href":"https:\/\/cdnoticias.com\/index.php\/wp-json\/wp\/v2\/comments?post=60190"}],"version-history":[{"count":0,"href":"https:\/\/cdnoticias.com\/index.php\/wp-json\/wp\/v2\/posts\/60190\/revisions"}],"wp:featuredmedia":[{"embeddable":true,"href":"https:\/\/cdnoticias.com\/index.php\/wp-json\/wp\/v2\/media\/39704"}],"wp:attachment":[{"href":"https:\/\/cdnoticias.com\/index.php\/wp-json\/wp\/v2\/media?parent=60190"}],"wp:term":[{"taxonomy":"category","embeddable":true,"href":"https:\/\/cdnoticias.com\/index.php\/wp-json\/wp\/v2\/categories?post=60190"},{"taxonomy":"post_tag","embeddable":true,"href":"https:\/\/cdnoticias.com\/index.php\/wp-json\/wp\/v2\/tags?post=60190"}],"curies":[{"name":"wp","href":"https:\/\/api.w.org\/{rel}","templated":true}]}}