{"id":60180,"date":"2022-07-15T11:47:09","date_gmt":"2022-07-15T14:47:09","guid":{"rendered":"https:\/\/www.centraldenoticias.com.ar\/?p=60180"},"modified":"2022-07-15T11:47:09","modified_gmt":"2022-07-15T14:47:09","slug":"ezequiel-galli-fue-a-la-secundaria-22-y-anuncio-que-tendra-casa-propia","status":"publish","type":"post","link":"https:\/\/cdnoticias.com\/index.php\/2022\/07\/15\/ezequiel-galli-fue-a-la-secundaria-22-y-anuncio-que-tendra-casa-propia\/","title":{"rendered":"Ezequiel Galli fue a la Secundaria 22 y anunci\u00f3 que tendr\u00e1 \u201ccasa propia\u201d"},"content":{"rendered":"<p>El jefe comunal comunic\u00f3 las novedades al director y, luego, a los alumnos. La nueva sede estar\u00e1 en el barrio Los Robles.<!--more--><\/p>\n<hr \/>\n<p><strong>El intendente Ezequiel Galli anunci\u00f3 en la ma\u00f1ana de este viernes el futuro proyecto de obra de construcci\u00f3n de una sede propia para la Escuela Secundaria N\u00ba 22.<\/strong> Se adelant\u00f3 que <strong>se emplazar\u00e1 en el barrio Los Robles<\/strong>.<\/p>\n<p>&nbsp;<\/p>\n<p><strong>El jefe comunal estuvo en la sede educativa<\/strong> y se destac\u00f3 que el anuncio se dio \u201cante la sorpresa de directivos, equipo docente y estudiantes\u201d.<\/p>\n<p>&nbsp;<\/p>\n<p>Durante la visita al establecimiento educativo -que<strong> funciona actualmente en Alsina y Bol\u00edvar<\/strong>&#8211; el Intendente estuvo acompa\u00f1ado por el<em> secretario de Desarrollo Humano y Calidad de Vida Diego Robbiani y el presidente del Consejo Escolar Bruno Di Carlo.<\/em><\/p>\n<p>&nbsp;<\/p>\n<blockquote><p>All\u00ed los funcionarios fueron recibidos en primer lugar por el director de la Secundaria N\u00ba 22 Maximiliano Gonz\u00e1lez, quien recibi\u00f3 la noticia de primera mano con gran emoci\u00f3n y satisfacci\u00f3n, teniendo en cuenta las necesidades actuales de la instituci\u00f3n.<\/p><\/blockquote>\n<p>&nbsp;<\/p>\n<p><img data-recalc-dims=\"1\" loading=\"lazy\" decoding=\"async\" class=\"size-large wp-image-60182 aligncenter\" src=\"https:\/\/i0.wp.com\/cdnoticias.com\/wp-content\/uploads\/2022\/07\/Obras-Anuncio-Edificio-Secundaria-N%C2%B022-2-scaled-1-1024x684.jpg?resize=800%2C534&#038;ssl=1\" alt=\"\" width=\"800\" height=\"534\" srcset=\"https:\/\/i0.wp.com\/cdnoticias.com\/wp-content\/uploads\/2022\/07\/Obras-Anuncio-Edificio-Secundaria-N%C2%B022-2-scaled-1.jpg?resize=1024%2C684&amp;ssl=1 1024w, https:\/\/i0.wp.com\/cdnoticias.com\/wp-content\/uploads\/2022\/07\/Obras-Anuncio-Edificio-Secundaria-N%C2%B022-2-scaled-1.jpg?resize=300%2C201&amp;ssl=1 300w, https:\/\/i0.wp.com\/cdnoticias.com\/wp-content\/uploads\/2022\/07\/Obras-Anuncio-Edificio-Secundaria-N%C2%B022-2-scaled-1.jpg?resize=768%2C513&amp;ssl=1 768w, https:\/\/i0.wp.com\/cdnoticias.com\/wp-content\/uploads\/2022\/07\/Obras-Anuncio-Edificio-Secundaria-N%C2%B022-2-scaled-1.jpg?resize=1536%2C1027&amp;ssl=1 1536w, https:\/\/i0.wp.com\/cdnoticias.com\/wp-content\/uploads\/2022\/07\/Obras-Anuncio-Edificio-Secundaria-N%C2%B022-2-scaled-1.jpg?resize=2048%2C1369&amp;ssl=1 2048w, https:\/\/i0.wp.com\/cdnoticias.com\/wp-content\/uploads\/2022\/07\/Obras-Anuncio-Edificio-Secundaria-N%C2%B022-2-scaled-1.jpg?resize=272%2C182&amp;ssl=1 272w, https:\/\/i0.wp.com\/cdnoticias.com\/wp-content\/uploads\/2022\/07\/Obras-Anuncio-Edificio-Secundaria-N%C2%B022-2-scaled-1.jpg?w=1600&amp;ssl=1 1600w, https:\/\/i0.wp.com\/cdnoticias.com\/wp-content\/uploads\/2022\/07\/Obras-Anuncio-Edificio-Secundaria-N%C2%B022-2-scaled-1.jpg?w=2400&amp;ssl=1 2400w\" sizes=\"auto, (max-width: 800px) 100vw, 800px\" \/><\/p>\n<p>&nbsp;<\/p>\n<p><strong>Luego se dirigieron a la galer\u00eda para anunciar el proyecto ante los estudiantes<\/strong>. Tras una breve presentaci\u00f3n del director de la Escuela N\u00ba 22, el intendente Ezequiel Galli manifest\u00f3 que <strong>\u201chemos tomado la decisi\u00f3n de construir un edificio para escuela. La Escuela Secundaria N\u00ba 22 va a tener una casa propia, un edificio propio\u201d.<\/strong><\/p>\n<p>&nbsp;<\/p>\n<p>\u201cObviamente los chicos de sexto no van a llegar a cursar en la nueva escuela porque va a llevar un tiempo. <strong>Hay que hacer un proyecto, hay que hacer la licitaci\u00f3n, hay que hacer la obra<\/strong>, pero la Escuela Secundaria N\u00ba 22 va a tener su casa\u201d, aclar\u00f3.<\/p>\n<p>&nbsp;<\/p>\n<blockquote><p>\u201cLa pasi\u00f3n que le pone el director de la Escuela, en cada oportunidad que nos hemos cruzado nos planteaba la necesidad de tener un edificio propio. Sab\u00edamos de la problem\u00e1tica, de la necesidad y despu\u00e9s de evaluarlo con todo el equipo tomamos la decisi\u00f3n de que los recursos del Fondo Educativo vayan destinados a la Escuela N\u00ba 22\u201d, concluy\u00f3 Galli ante el aplauso de los chicos.<\/p><\/blockquote>\n<p>&nbsp;<\/p>\n<p>La Escuela Secundaria N\u00ba 22 se cre\u00f3 en el a\u00f1o 2015, la primera promoci\u00f3n fue en el 2017 y en la actualidad cuenta con una matr\u00edcula de 180 alumnos. Tiene 6 cursos, con 6 secciones y lista de espera para el ingreso.<\/p>\n","protected":false},"excerpt":{"rendered":"<p>El jefe comunal comunic\u00f3 las novedades al director y, luego, a los alumnos. La nueva sede estar\u00e1 en el barrio<\/p>\n","protected":false},"author":4,"featured_media":60181,"comment_status":"closed","ping_status":"closed","sticky":false,"template":"","format":"standard","meta":{"_jetpack_memberships_contains_paid_content":false,"footnotes":""},"categories":[5,1],"tags":[],"class_list":["post-60180","post","type-post","status-publish","format-standard","has-post-thumbnail","hentry","category-informacion-general","category-portada"],"jetpack_featured_media_url":"https:\/\/i0.wp.com\/cdnoticias.com\/wp-content\/uploads\/2022\/07\/Obras-Anuncio-Edificio-Secundaria-N%C2%B022-1-scaled-1.jpg?fit=2560%2C1711&ssl=1","jetpack_sharing_enabled":true,"_links":{"self":[{"href":"https:\/\/cdnoticias.com\/index.php\/wp-json\/wp\/v2\/posts\/60180","targetHints":{"allow":["GET"]}}],"collection":[{"href":"https:\/\/cdnoticias.com\/index.php\/wp-json\/wp\/v2\/posts"}],"about":[{"href":"https:\/\/cdnoticias.com\/index.php\/wp-json\/wp\/v2\/types\/post"}],"author":[{"embeddable":true,"href":"https:\/\/cdnoticias.com\/index.php\/wp-json\/wp\/v2\/users\/4"}],"replies":[{"embeddable":true,"href":"https:\/\/cdnoticias.com\/index.php\/wp-json\/wp\/v2\/comments?post=60180"}],"version-history":[{"count":0,"href":"https:\/\/cdnoticias.com\/index.php\/wp-json\/wp\/v2\/posts\/60180\/revisions"}],"wp:featuredmedia":[{"embeddable":true,"href":"https:\/\/cdnoticias.com\/index.php\/wp-json\/wp\/v2\/media\/60181"}],"wp:attachment":[{"href":"https:\/\/cdnoticias.com\/index.php\/wp-json\/wp\/v2\/media?parent=60180"}],"wp:term":[{"taxonomy":"category","embeddable":true,"href":"https:\/\/cdnoticias.com\/index.php\/wp-json\/wp\/v2\/categories?post=60180"},{"taxonomy":"post_tag","embeddable":true,"href":"https:\/\/cdnoticias.com\/index.php\/wp-json\/wp\/v2\/tags?post=60180"}],"curies":[{"name":"wp","href":"https:\/\/api.w.org\/{rel}","templated":true}]}}