{"id":60155,"date":"2022-07-15T08:45:44","date_gmt":"2022-07-15T11:45:44","guid":{"rendered":"https:\/\/www.centraldenoticias.com.ar\/?p=60155"},"modified":"2022-07-15T08:45:44","modified_gmt":"2022-07-15T11:45:44","slug":"un-hombre-fue-aprehendido-tras-violar-una-prohibicion-de-acercamiento","status":"publish","type":"post","link":"https:\/\/cdnoticias.com\/index.php\/2022\/07\/15\/un-hombre-fue-aprehendido-tras-violar-una-prohibicion-de-acercamiento\/","title":{"rendered":"Un hombre fue aprehendido tras violar una prohibici\u00f3n de acercamiento"},"content":{"rendered":"<p>Tiene 43 a\u00f1os y quebrant\u00f3 medidas cautelares interpuestas por el Juzgado de Familia de Olavarr\u00eda.<!--more--><\/p>\n<hr \/>\n<p>Efectivos policiales del Comando de Patrullas y de la comisar\u00eda Primera <strong>aprehendieron a un hombre de 43 a\u00f1os que se encontraba violando una prohibici\u00f3n de acercamiento.<\/strong><\/p>\n<p>&nbsp;<\/p>\n<p>Seg\u00fan se inform\u00f3, quebrant\u00f3 las medidas cautelares de prohibici\u00f3n de acercamiento, per\u00edmetro de exclusi\u00f3n, entre otras. Hab\u00edan sido interpuestas por el <strong>Juzgado de Familia de Olavarr\u00eda.<\/strong><\/p>\n<p>&nbsp;<\/p>\n<p>El hombre fue trasladado y alojado en la sede de la comisar\u00eda Primera a disposici\u00f3n de la<strong> UFI N\u00b05 especializada en violencia familiar y de g\u00e9nero<\/strong>, a cargo de la doctora Viviana Beyt\u00eda.<\/p>\n","protected":false},"excerpt":{"rendered":"<p>Tiene 43 a\u00f1os y quebrant\u00f3 medidas cautelares interpuestas por el Juzgado de Familia de Olavarr\u00eda.<\/p>\n","protected":false},"author":5,"featured_media":60156,"comment_status":"closed","ping_status":"closed","sticky":false,"template":"","format":"standard","meta":{"_jetpack_memberships_contains_paid_content":false,"footnotes":""},"categories":[14,1],"tags":[],"class_list":["post-60155","post","type-post","status-publish","format-standard","has-post-thumbnail","hentry","category-policiales","category-portada"],"jetpack_featured_media_url":"https:\/\/i0.wp.com\/cdnoticias.com\/wp-content\/uploads\/2022\/07\/WhatsApp-Image-2022-07-15-at-8.38.48-AM.jpeg?fit=1040%2C480&ssl=1","jetpack_sharing_enabled":true,"_links":{"self":[{"href":"https:\/\/cdnoticias.com\/index.php\/wp-json\/wp\/v2\/posts\/60155","targetHints":{"allow":["GET"]}}],"collection":[{"href":"https:\/\/cdnoticias.com\/index.php\/wp-json\/wp\/v2\/posts"}],"about":[{"href":"https:\/\/cdnoticias.com\/index.php\/wp-json\/wp\/v2\/types\/post"}],"author":[{"embeddable":true,"href":"https:\/\/cdnoticias.com\/index.php\/wp-json\/wp\/v2\/users\/5"}],"replies":[{"embeddable":true,"href":"https:\/\/cdnoticias.com\/index.php\/wp-json\/wp\/v2\/comments?post=60155"}],"version-history":[{"count":0,"href":"https:\/\/cdnoticias.com\/index.php\/wp-json\/wp\/v2\/posts\/60155\/revisions"}],"wp:featuredmedia":[{"embeddable":true,"href":"https:\/\/cdnoticias.com\/index.php\/wp-json\/wp\/v2\/media\/60156"}],"wp:attachment":[{"href":"https:\/\/cdnoticias.com\/index.php\/wp-json\/wp\/v2\/media?parent=60155"}],"wp:term":[{"taxonomy":"category","embeddable":true,"href":"https:\/\/cdnoticias.com\/index.php\/wp-json\/wp\/v2\/categories?post=60155"},{"taxonomy":"post_tag","embeddable":true,"href":"https:\/\/cdnoticias.com\/index.php\/wp-json\/wp\/v2\/tags?post=60155"}],"curies":[{"name":"wp","href":"https:\/\/api.w.org\/{rel}","templated":true}]}}