{"id":60138,"date":"2022-09-06T18:30:40","date_gmt":"2022-09-06T21:30:40","guid":{"rendered":"https:\/\/www.centraldenoticias.com.ar\/?p=60138"},"modified":"2022-09-06T18:30:40","modified_gmt":"2022-09-06T21:30:40","slug":"llega-a-olavarria-dracula-el-musical","status":"publish","type":"post","link":"https:\/\/cdnoticias.com\/index.php\/2022\/09\/06\/llega-a-olavarria-dracula-el-musical\/","title":{"rendered":"Llega a Olavarr\u00eda &#8220;Dr\u00e1cula, el musical&#8221;"},"content":{"rendered":"<p>Ser\u00e1 el pr\u00f3ximo jueves 8 de septiembre a las 21:00 en el Teatro Municipal. Las entradas ya se encuentran a la venta.<br \/>\n<!--more--><\/p>\n<hr \/>\n<p>&nbsp;<\/p>\n<p>El pr\u00f3ximo<strong> jueves 8 de septiembre<\/strong> <strong>a las 21:00 en el Teatro Municipal<\/strong> se presentar\u00e1<strong> \u201cDr\u00e1cula, el musical\u201d<\/strong>, uno de los musicales argentinos m\u00e1s importantes. Fue escrito y dirigido por la dupla conformada por <strong>Pepe Cibri\u00e1n y \u00c1ngel Mahler<\/strong> y producido por<strong> Tito Lectoure.<\/strong><\/p>\n<p>&nbsp;<\/p>\n<p><strong>Dr\u00e1cula, el musical se estren\u00f3 en 1991 en el estadio Luna Park<\/strong> y realiz\u00f3 cinco temporadas en el mismo estadio (1991, 1992, 1994, 1997, 2000), dos temporadas en el Teatro \u00d3pera de Buenos Aires (2003 y 2007), dos temporadas en el Teatro Astral (2011, 2016).<\/p>\n<p>&nbsp;<\/p>\n<p>En esta versi\u00f3n gran parte del elenco original estar\u00e1 protagonizando los roles principales tales como Juan Rod\u00f3 (Dr\u00e1cula), Cecilia Milone (Mina) y un gran elenco. M\u00e1s de tres millones y medio de personas han visto el musical, no s\u00f3lo en Argentina, sino tambi\u00e9n en Brasil (2000), Chile (1992 y 2008) y Espa\u00f1a (1994). <strong>Dr\u00e1cula el musical es el s\u00edmbolo del musical en la Argentina.<\/strong><\/p>\n<p>&nbsp;<\/p>\n<p><strong>Valor de entradas<\/strong><\/p>\n<p>Plateas Baja: <strong>$6000<\/strong><\/p>\n<p>Platea Alta: <strong>$5500<\/strong><\/p>\n<p>Pullman: <strong>$4500<\/strong><\/p>\n<p>&nbsp;<\/p>\n<p>Al precio deber\u00e1 sumarse la comisi\u00f3n para Articket de la siguiente forma: el 15% en la compra online o el 10% en la compra en el Teatro Municipal y la Disquer\u00eda Collins<\/p>\n<p>&nbsp;<\/p>\n<p>Venta en el Teatro con tarjetas de cr\u00e9dito y d\u00e9bito<\/p>\n<p>Venta online www.articket.com.ar con cr\u00e9dito y d\u00e9bito.<\/p>\n<p>Venta en Disquer\u00eda Collins (Necochea 2831) en efectivo<\/p>\n","protected":false},"excerpt":{"rendered":"<p>Ser\u00e1 el pr\u00f3ximo jueves 8 de septiembre a las 21:00 en el Teatro Municipal. Las entradas ya se encuentran a<\/p>\n","protected":false},"author":6,"featured_media":50377,"comment_status":"closed","ping_status":"closed","sticky":false,"template":"","format":"standard","meta":{"_jetpack_memberships_contains_paid_content":false,"footnotes":""},"categories":[9,1],"tags":[],"class_list":["post-60138","post","type-post","status-publish","format-standard","has-post-thumbnail","hentry","category-cultura","category-portada"],"jetpack_featured_media_url":"https:\/\/i0.wp.com\/cdnoticias.com\/wp-content\/uploads\/2022\/03\/Teatro-Municipal-drone-01.jpg?fit=800%2C445&ssl=1","jetpack_sharing_enabled":true,"_links":{"self":[{"href":"https:\/\/cdnoticias.com\/index.php\/wp-json\/wp\/v2\/posts\/60138","targetHints":{"allow":["GET"]}}],"collection":[{"href":"https:\/\/cdnoticias.com\/index.php\/wp-json\/wp\/v2\/posts"}],"about":[{"href":"https:\/\/cdnoticias.com\/index.php\/wp-json\/wp\/v2\/types\/post"}],"author":[{"embeddable":true,"href":"https:\/\/cdnoticias.com\/index.php\/wp-json\/wp\/v2\/users\/6"}],"replies":[{"embeddable":true,"href":"https:\/\/cdnoticias.com\/index.php\/wp-json\/wp\/v2\/comments?post=60138"}],"version-history":[{"count":0,"href":"https:\/\/cdnoticias.com\/index.php\/wp-json\/wp\/v2\/posts\/60138\/revisions"}],"wp:featuredmedia":[{"embeddable":true,"href":"https:\/\/cdnoticias.com\/index.php\/wp-json\/wp\/v2\/media\/50377"}],"wp:attachment":[{"href":"https:\/\/cdnoticias.com\/index.php\/wp-json\/wp\/v2\/media?parent=60138"}],"wp:term":[{"taxonomy":"category","embeddable":true,"href":"https:\/\/cdnoticias.com\/index.php\/wp-json\/wp\/v2\/categories?post=60138"},{"taxonomy":"post_tag","embeddable":true,"href":"https:\/\/cdnoticias.com\/index.php\/wp-json\/wp\/v2\/tags?post=60138"}],"curies":[{"name":"wp","href":"https:\/\/api.w.org\/{rel}","templated":true}]}}