{"id":60124,"date":"2022-07-14T18:39:26","date_gmt":"2022-07-14T21:39:26","guid":{"rendered":"https:\/\/www.centraldenoticias.com.ar\/?p=60124"},"modified":"2022-07-14T18:39:26","modified_gmt":"2022-07-14T21:39:26","slug":"inflacion-el-indec-informo-un-incremento-de-precios-del-53","status":"publish","type":"post","link":"https:\/\/cdnoticias.com\/index.php\/2022\/07\/14\/inflacion-el-indec-informo-un-incremento-de-precios-del-53\/","title":{"rendered":"Inflaci\u00f3n: el INDEC inform\u00f3 un incremento de precios del 5,3%"},"content":{"rendered":"<p>La suba en lo que va del a\u00f1o acumula un 36,2% y comparado en el interanual llega al 64%. <!--more--><\/p>\n<hr \/>\n<p><strong>La inflaci\u00f3n del mes de junio fue de 5,3%<\/strong>, seg\u00fan inform\u00f3 este jueves el Instituto Nacional de Estad\u00edstica y Censos (INDEC), al dar a conocer el \u00cdndice de Precios al Consumidor (IPC). <strong>As\u00ed, la suba de precios en el a\u00f1o ya acumula un 36,2%, y al compararla con el mismo mes del a\u00f1o pasado el incremento trepa al 64%.<\/strong><\/p>\n<p>&nbsp;<\/p>\n<blockquote><p>\u200bSe trata del primer aumento despu\u00e9s de dos meses a la baja, aunque<strong> se espera un incremento a\u00fan mayor para julio cuando impacte la disparada del d\u00f3lar y la turbulencia tras la renuncia del ex ministro de Econom\u00eda, Mart\u00edn Guzm\u00e1n.<\/strong><\/p><\/blockquote>\n<p>&nbsp;<\/p>\n<p><strong>En mayo, el n\u00famero que hab\u00eda dado a conocer el Gobierno hab\u00eda sido del 5,1%<\/strong>, mostrando una tendencia a la baja de dos meses: en marzo lleg\u00f3 a 6,7% y en abril al 6%.<\/p>\n<p>&nbsp;<\/p>\n<p>Los analistas del mercado consultados por el Banco Central <strong>antes de la renuncia del ministro de Econom\u00eda, Mart\u00edn Guzm\u00e1n, esperaban que la inflaci\u00f3n minorista se ubicara en torno al 5,4%.<\/strong><\/p>\n<p>&nbsp;<\/p>\n<p>Adem\u00e1s, los agentes del mercado financiero elevaron a 79,2% la estimaci\u00f3n de la inflaci\u00f3n para todo el a\u00f1o, seg\u00fan relevamiento que el BCRA realiz\u00f3 entre el 27 y 30 de junio.<\/p>\n<p>&nbsp;<\/p>\n<p>La ministra de Econom\u00eda, Silvina Batakis, hab\u00eda evitado realizar una proyecci\u00f3n de la inflaci\u00f3n para el corriente a\u00f1o: <em>\u201cSer\u00eda muy poco profesional de mi parte que yo arriesgase hoy a decir cu\u00e1l es la proyecci\u00f3n de inflaci\u00f3n en esta situaci\u00f3n in\u00e9dita de desequilibrio mundial\u201d.<\/em><\/p>\n<p>&nbsp;<\/p>\n<p>En junio<strong>, el \u00edndice de precios minoristas se vio impulsado por los aumentos de junio que se registraron en los servicios de luz (16,5%) y del gas (entre 18 y 25%), adem\u00e1s de los de las prepagas (10%), colegios de la provincia de Buenos Aires (8%) y el gasoil (12%).<\/strong><\/p>\n<p>&nbsp;<\/p>\n<p><em>Informaci\u00f3n: DIB<\/em><\/p>\n","protected":false},"excerpt":{"rendered":"<p>La suba en lo que va del a\u00f1o acumula un 36,2% y comparado en el interanual llega al 64%.<\/p>\n","protected":false},"author":2,"featured_media":19344,"comment_status":"closed","ping_status":"closed","sticky":false,"template":"","format":"standard","meta":{"_jetpack_memberships_contains_paid_content":false,"footnotes":""},"categories":[6,1],"tags":[],"class_list":["post-60124","post","type-post","status-publish","format-standard","has-post-thumbnail","hentry","category-nacionales","category-portada"],"jetpack_featured_media_url":"https:\/\/i0.wp.com\/cdnoticias.com\/wp-content\/uploads\/2021\/04\/DIB-precios.jpeg?fit=800%2C534&ssl=1","jetpack_sharing_enabled":true,"_links":{"self":[{"href":"https:\/\/cdnoticias.com\/index.php\/wp-json\/wp\/v2\/posts\/60124","targetHints":{"allow":["GET"]}}],"collection":[{"href":"https:\/\/cdnoticias.com\/index.php\/wp-json\/wp\/v2\/posts"}],"about":[{"href":"https:\/\/cdnoticias.com\/index.php\/wp-json\/wp\/v2\/types\/post"}],"author":[{"embeddable":true,"href":"https:\/\/cdnoticias.com\/index.php\/wp-json\/wp\/v2\/users\/2"}],"replies":[{"embeddable":true,"href":"https:\/\/cdnoticias.com\/index.php\/wp-json\/wp\/v2\/comments?post=60124"}],"version-history":[{"count":0,"href":"https:\/\/cdnoticias.com\/index.php\/wp-json\/wp\/v2\/posts\/60124\/revisions"}],"wp:featuredmedia":[{"embeddable":true,"href":"https:\/\/cdnoticias.com\/index.php\/wp-json\/wp\/v2\/media\/19344"}],"wp:attachment":[{"href":"https:\/\/cdnoticias.com\/index.php\/wp-json\/wp\/v2\/media?parent=60124"}],"wp:term":[{"taxonomy":"category","embeddable":true,"href":"https:\/\/cdnoticias.com\/index.php\/wp-json\/wp\/v2\/categories?post=60124"},{"taxonomy":"post_tag","embeddable":true,"href":"https:\/\/cdnoticias.com\/index.php\/wp-json\/wp\/v2\/tags?post=60124"}],"curies":[{"name":"wp","href":"https:\/\/api.w.org\/{rel}","templated":true}]}}