{"id":60116,"date":"2022-07-14T17:53:24","date_gmt":"2022-07-14T20:53:24","guid":{"rendered":"https:\/\/www.centraldenoticias.com.ar\/?p=60116"},"modified":"2022-07-14T17:53:24","modified_gmt":"2022-07-14T20:53:24","slug":"todo-listo-para-la-muestra-de-mayor-a-menor-en-el-centro-cultural","status":"publish","type":"post","link":"https:\/\/cdnoticias.com\/index.php\/2022\/07\/14\/todo-listo-para-la-muestra-de-mayor-a-menor-en-el-centro-cultural\/","title":{"rendered":"Todo listo para la muestra \u201cDe mayor a menor\u201d en el Centro Cultural"},"content":{"rendered":"<p>El Intendente y funcionarios recorrieron el montaje de la obra de Chanti que se inaugurar\u00e1 el pr\u00f3ximo s\u00e1bado a la tarde. <!--more--><\/p>\n<hr \/>\n<p>El intendente <strong>Ezequiel Galli<\/strong> visit\u00f3 este jueves el Centro Cultural Municipal \u201cSan Jos\u00e9\u201d que se encuentra en proceso transformaci\u00f3n con<strong> el montaje de la muestra \u201cDe Mayor a Menor\u201d de Chanti, que contar\u00e1 con \u201cgrandes escenograf\u00edas interactivas y did\u00e1cticas\u201d.<\/strong><\/p>\n<p>&nbsp;<\/p>\n<p>El jefe comunal estuvo acompa\u00f1ado por el secretario de Desarrollo Humano y Calidad de Vida Diego Robbiani, el subsecretario de Cultura y Educaci\u00f3n Bruno Cenizo y la directora de Gesti\u00f3n Cultural Agustina Marino.<\/p>\n<p>&nbsp;<\/p>\n<p>All\u00ed fueron recibidos por integrantes del equipo de Museo Barrilete y del Centro Cultural, quienes se encuentran al frente del armado de la muestra, que <strong>estrenar\u00e1 en los pr\u00f3ximos d\u00edas como parte de la programaci\u00f3n para vacaciones de invierno.<\/strong><\/p>\n<p>&nbsp;<\/p>\n<blockquote><p>Se trata de una propuesta de caracter\u00edsticas similares a lo que sucedi\u00f3 con el paso por Olavarr\u00eda de las muestras de Mafalda, Liniers o Bernasconi. Pensadas para que chicos y grandes puedan interactuar y ser parte a trav\u00e9s del intercambio l\u00fadico.<\/p><\/blockquote>\n<p>&nbsp;<\/p>\n<p>Es una de las actividades destacadas para las vacaciones de invierno, que<strong> invita a toda la familia a recorrer el espacio, con una interesante propuesta educativa como atractivo.<\/strong><\/p>\n<p>&nbsp;<\/p>\n<p><strong>La inauguraci\u00f3n se llevar\u00e1 a cabo el pr\u00f3ximo s\u00e1bado 16 de julio a las 16 horas.<\/strong> La muestra permanecer\u00e1 durante seis semanas en exposici\u00f3n en la salas del Centro Cultural \u201cSan Jos\u00e9\u201d.<\/p>\n<p>&nbsp;<\/p>\n<p>Se recuerda que para solicitar turno de visita guiada deben comunicarse al 418801 (de lunes a viernes de 8 a 13 horas) o al correo electr\u00f3nico guiadasccm@olavarria.gov.ar. Por consultas e informaci\u00f3n: centrocultural.sanjose@olavarria.gov.ar<\/p>\n<p>&nbsp;<\/p>\n<p><span style=\"text-decoration: underline;\"><strong>Sobre Chanti<\/strong><\/span><\/p>\n<p>&nbsp;<\/p>\n<p><strong>La historieta para ni\u00f1os \u201cDe Mayor a Menor\u201d<\/strong> tiene como protagonistas a los hermanitos Nacho \u2013el Nacho, en realidad\u2013, Tobi \u2013el Tobi\u2013 y Lola \u2013la Lola.<\/p>\n<p>&nbsp;<\/p>\n<blockquote><p>En las tiras de Chanti se abordan las relaciones familiares, en el \u00e1mbito escolar, con los animales, con las creencias y tradiciones, con el mundo imaginario. Miradas y formas de entender el mundo, con humor y picard\u00eda, que Museo Barrilete procura poner al alcance de los ni\u00f1os a trav\u00e9s de esta nueva muestra.<\/p><\/blockquote>\n<p>&nbsp;<\/p>\n<p>Santiago Gonz\u00e1lez Riga, m\u00e1s conocido como Chanti, es humorista argentino. En la actualidad, <strong>Chanti es uno de los creadores m\u00e1s prol\u00edficos que posee el g\u00e9nero de la historieta dedicada a los ni\u00f1os en la Argentina.<\/strong> Tiene m\u00e1s de 30 libros publicados como autor integral, la mayor\u00eda de historietas para chicos. Casi toda la obra de Chanti se encuentra orientada al p\u00fablico infantil.<\/p>\n<p>&nbsp;<\/p>\n<p><strong>\u201cMayor y menor\u201d, que es la muestra que llegar\u00e1 a Olavarr\u00eda, cuenta sobre la divertida relaci\u00f3n entre hermanos, no es su primera creaci\u00f3n, pero s\u00ed la que mayor \u00e9xito cosech\u00f3 en los \u00faltimos a\u00f1os.<\/strong><\/p>\n<p>&nbsp;<\/p>\n<p>La muestra propone un recorrido por diferentes escenarios que permiten la observaci\u00f3n y la experimentaci\u00f3n, siempre desde la mirada de los m\u00e1s peque\u00f1os.<\/p>\n","protected":false},"excerpt":{"rendered":"<p>El Intendente y funcionarios recorrieron el montaje de la obra de Chanti que se inaugurar\u00e1 el pr\u00f3ximo s\u00e1bado a la<\/p>\n","protected":false},"author":2,"featured_media":60117,"comment_status":"closed","ping_status":"closed","sticky":false,"template":"","format":"standard","meta":{"_jetpack_memberships_contains_paid_content":false,"footnotes":""},"categories":[9,1],"tags":[],"class_list":["post-60116","post","type-post","status-publish","format-standard","has-post-thumbnail","hentry","category-cultura","category-portada"],"jetpack_featured_media_url":"https:\/\/i0.wp.com\/cdnoticias.com\/wp-content\/uploads\/2022\/07\/Cultura-Montaje-Muestra-Chanti-2-scaled-1.jpg?fit=2560%2C1711&ssl=1","jetpack_sharing_enabled":true,"_links":{"self":[{"href":"https:\/\/cdnoticias.com\/index.php\/wp-json\/wp\/v2\/posts\/60116","targetHints":{"allow":["GET"]}}],"collection":[{"href":"https:\/\/cdnoticias.com\/index.php\/wp-json\/wp\/v2\/posts"}],"about":[{"href":"https:\/\/cdnoticias.com\/index.php\/wp-json\/wp\/v2\/types\/post"}],"author":[{"embeddable":true,"href":"https:\/\/cdnoticias.com\/index.php\/wp-json\/wp\/v2\/users\/2"}],"replies":[{"embeddable":true,"href":"https:\/\/cdnoticias.com\/index.php\/wp-json\/wp\/v2\/comments?post=60116"}],"version-history":[{"count":0,"href":"https:\/\/cdnoticias.com\/index.php\/wp-json\/wp\/v2\/posts\/60116\/revisions"}],"wp:featuredmedia":[{"embeddable":true,"href":"https:\/\/cdnoticias.com\/index.php\/wp-json\/wp\/v2\/media\/60117"}],"wp:attachment":[{"href":"https:\/\/cdnoticias.com\/index.php\/wp-json\/wp\/v2\/media?parent=60116"}],"wp:term":[{"taxonomy":"category","embeddable":true,"href":"https:\/\/cdnoticias.com\/index.php\/wp-json\/wp\/v2\/categories?post=60116"},{"taxonomy":"post_tag","embeddable":true,"href":"https:\/\/cdnoticias.com\/index.php\/wp-json\/wp\/v2\/tags?post=60116"}],"curies":[{"name":"wp","href":"https:\/\/api.w.org\/{rel}","templated":true}]}}