{"id":60106,"date":"2022-07-14T18:31:47","date_gmt":"2022-07-14T21:31:47","guid":{"rendered":"https:\/\/www.centraldenoticias.com.ar\/?p=60106"},"modified":"2022-07-14T18:31:47","modified_gmt":"2022-07-14T21:31:47","slug":"matrella-y-vergel-fueron-recibidos-en-el-club-sierra-chica","status":"publish","type":"post","link":"https:\/\/cdnoticias.com\/index.php\/2022\/07\/14\/matrella-y-vergel-fueron-recibidos-en-el-club-sierra-chica\/","title":{"rendered":"Matrella y Vergel fueron recibidos en el Club Sierra Chica"},"content":{"rendered":"<p>Fueron recibidos por Juan Villegas, Presiente del club serrano. Los concejales radicales contin\u00faan recorriendo instituciones deportivas con el proyecto que busca brindarles un presupuesto fijo a los clubes. <!--more--><\/p>\n<hr \/>\n<p>&nbsp;<\/p>\n<p><strong>Sebasti\u00e1n Matrella y Bel\u00e9n Vergel<\/strong> siguen recorriendo el Partido de Olavarr\u00eda. &#8220;Quieren lograr que el proyecto que impulsan para que los <strong>clubes e instituciones deportivas tengan presupuesto propio<\/strong>, haya llegado a cada lugar, y que al mismo tiempo pueda ser nutrido y ampliado con el aporte de sus dirigentes y deportistas&#8221; se indic\u00f3.<\/p>\n<p>&nbsp;<\/p>\n<p>En esta oportunidad volvieron a visitar el <strong>Club Atl\u00e9tico Sierra Chica<\/strong> (ya hab\u00edan sido recibidos por la anterior comisi\u00f3n), donde <strong>fueron recibidos por su Presidente Juan Villegas<\/strong>, a quien se le entreg\u00f3 una copia del proyecto y se coment\u00f3 en detalle en que consiste. <strong>Villegas remarc\u00f3 las diversas necesidades econ\u00f3micas que atraviesan clubes como Sierra Chica,<\/strong> y el rol trascendental que tienen en su localidad.<\/p>\n<p>&nbsp;<\/p>\n<p><img data-recalc-dims=\"1\" loading=\"lazy\" decoding=\"async\" class=\"aligncenter wp-image-60108 size-large\" src=\"https:\/\/i0.wp.com\/cdnoticias.com\/wp-content\/uploads\/2022\/07\/WhatsApp-Image-2022-07-14-at-1.18.49-PM.jpeg?resize=800%2C600&#038;ssl=1\" alt=\"\" width=\"800\" height=\"600\" srcset=\"https:\/\/i0.wp.com\/cdnoticias.com\/wp-content\/uploads\/2022\/07\/WhatsApp-Image-2022-07-14-at-1.18.49-PM.jpeg?resize=1024%2C768&amp;ssl=1 1024w, https:\/\/i0.wp.com\/cdnoticias.com\/wp-content\/uploads\/2022\/07\/WhatsApp-Image-2022-07-14-at-1.18.49-PM.jpeg?resize=300%2C225&amp;ssl=1 300w, https:\/\/i0.wp.com\/cdnoticias.com\/wp-content\/uploads\/2022\/07\/WhatsApp-Image-2022-07-14-at-1.18.49-PM.jpeg?resize=768%2C576&amp;ssl=1 768w, https:\/\/i0.wp.com\/cdnoticias.com\/wp-content\/uploads\/2022\/07\/WhatsApp-Image-2022-07-14-at-1.18.49-PM.jpeg?resize=1536%2C1152&amp;ssl=1 1536w, https:\/\/i0.wp.com\/cdnoticias.com\/wp-content\/uploads\/2022\/07\/WhatsApp-Image-2022-07-14-at-1.18.49-PM.jpeg?w=1600&amp;ssl=1 1600w\" sizes=\"auto, (max-width: 800px) 100vw, 800px\" \/><\/p>\n<p>&nbsp;<\/p>\n<p>Se inform\u00f3 que Villegas <strong>&#8220;mostr\u00f3 inter\u00e9s en la propuesta recibida, poniendo en valor la integraci\u00f3n de todas las instituciones del Partido&#8221;.\u00a0<\/strong><\/p>\n<p>&nbsp;<\/p>\n<p>Seg\u00fan se indic\u00f3 desde el espacio UCR-Juntos, seguir\u00e1n recorriendo cada una de las instituciones y reuniendo la mayor cantidad de adhesiones posibles antes de que el Proyecto de Ordenanza sea tratado en el HCD.<\/p>\n","protected":false},"excerpt":{"rendered":"<p>Fueron recibidos por Juan Villegas, Presiente del club serrano. Los concejales radicales contin\u00faan recorriendo instituciones deportivas con el proyecto que<\/p>\n","protected":false},"author":6,"featured_media":60107,"comment_status":"closed","ping_status":"closed","sticky":false,"template":"","format":"standard","meta":{"_jetpack_memberships_contains_paid_content":false,"footnotes":""},"categories":[4,1],"tags":[],"class_list":["post-60106","post","type-post","status-publish","format-standard","has-post-thumbnail","hentry","category-politica","category-portada"],"jetpack_featured_media_url":"https:\/\/i0.wp.com\/cdnoticias.com\/wp-content\/uploads\/2022\/07\/WhatsApp-Image-2022-07-14-at-1.18.52-PM.jpeg?fit=1600%2C1200&ssl=1","jetpack_sharing_enabled":true,"_links":{"self":[{"href":"https:\/\/cdnoticias.com\/index.php\/wp-json\/wp\/v2\/posts\/60106","targetHints":{"allow":["GET"]}}],"collection":[{"href":"https:\/\/cdnoticias.com\/index.php\/wp-json\/wp\/v2\/posts"}],"about":[{"href":"https:\/\/cdnoticias.com\/index.php\/wp-json\/wp\/v2\/types\/post"}],"author":[{"embeddable":true,"href":"https:\/\/cdnoticias.com\/index.php\/wp-json\/wp\/v2\/users\/6"}],"replies":[{"embeddable":true,"href":"https:\/\/cdnoticias.com\/index.php\/wp-json\/wp\/v2\/comments?post=60106"}],"version-history":[{"count":0,"href":"https:\/\/cdnoticias.com\/index.php\/wp-json\/wp\/v2\/posts\/60106\/revisions"}],"wp:featuredmedia":[{"embeddable":true,"href":"https:\/\/cdnoticias.com\/index.php\/wp-json\/wp\/v2\/media\/60107"}],"wp:attachment":[{"href":"https:\/\/cdnoticias.com\/index.php\/wp-json\/wp\/v2\/media?parent=60106"}],"wp:term":[{"taxonomy":"category","embeddable":true,"href":"https:\/\/cdnoticias.com\/index.php\/wp-json\/wp\/v2\/categories?post=60106"},{"taxonomy":"post_tag","embeddable":true,"href":"https:\/\/cdnoticias.com\/index.php\/wp-json\/wp\/v2\/tags?post=60106"}],"curies":[{"name":"wp","href":"https:\/\/api.w.org\/{rel}","templated":true}]}}