{"id":60101,"date":"2022-07-14T17:21:02","date_gmt":"2022-07-14T20:21:02","guid":{"rendered":"https:\/\/www.centraldenoticias.com.ar\/?p=60101"},"modified":"2022-07-14T20:47:44","modified_gmt":"2022-07-14T23:47:44","slug":"la-feria-del-libro-podria-realizarse-con-acompanamiento-provincial","status":"publish","type":"post","link":"https:\/\/cdnoticias.com\/index.php\/2022\/07\/14\/la-feria-del-libro-podria-realizarse-con-acompanamiento-provincial\/","title":{"rendered":"La Feria del Libro podr\u00eda realizarse con acompa\u00f1amiento provincial"},"content":{"rendered":"<p>Hubo un encuentro entre escritores locales, referentes culturales y funcionarios y legisladores del Frente de Todos. Llevar\u00e1n la propuesta al Instituto Cultural de la Provincia. El Municipio posterg\u00f3 \u201cLibros en Olavarr\u00eda\u201d para 2023.<!--more--><\/p>\n<hr \/>\n<p>Tras una<strong> reuni\u00f3n entre escritores locales, referentes culturales y funcionarios y legisladores del Frente de Todos, se inform\u00f3 que hay posibilidades de realizar la Feria del Libro con el apoyo del Instituto Cultural de la Provincia.<\/strong><\/p>\n<p>&nbsp;<\/p>\n<p>El encuentro se dio luego de <a href=\"https:\/\/cdnoticias.com\/index.php\/2022\/06\/30\/este-ano-no-habra-muestra-libros-en-olavarria\/\" target=\"_blank\" rel=\"noopener\">conocer la decisi\u00f3n del Municipio de no realizar la edici\u00f3n de \u201cLibros en Olavarr\u00eda\u201d<\/a> y postergarla para 2023, <a href=\"https:\/\/cdnoticias.com\/index.php\/2022\/07\/11\/libros-en-olavarria-actores-culturales-analizan-la-no-realizacion-de-la-feria\/\" target=\"_blank\" rel=\"noopener\">situaci\u00f3n que gener\u00f3 malestar en los libreros de la ciudad.<\/a><\/p>\n<p>&nbsp;<\/p>\n<p>La iniciativa surgi\u00f3 de los legisladores del Frente de Todos que, en este marco, <strong>plantearon la posibilidad de hacerla por otros medios y trabajar para que se concrete.<\/strong><\/p>\n<p>&nbsp;<\/p>\n<p>El encuentro se desarroll\u00f3 en el Concejo Deliberante entre escritores locales, referentes de la cultura, los legisladores Maxi Wesner, Telma Cazot, Ubaldo Garc\u00eda, Natalia \u00c1lvarez, Juan S\u00e1nchez y Mercedes Landivar y el funcionario provincial Federico Aguilera para <em>\u201ccharlar y evaluar la posible organizaci\u00f3n\u201d.<\/em><\/p>\n<p>&nbsp;<\/p>\n<p>De este modo los concejales y funcionarios informaron que <strong><em>\u201cla reuni\u00f3n fue muy productiva, les compartimos nuestra idea para que nos den su opini\u00f3n y nos encontramos con que hay mucha gente interesada en colaborar\u201d<\/em><\/strong>, y destacaron la importancia de poder llevar a cabo la actividad con algunas modificaciones,<em> \u201ctal vez que sean menos d\u00edas, pero realizarla ya que por la pandemia durante dos a\u00f1os tampoco se hizo\u201d.<\/em><\/p>\n<p>&nbsp;<\/p>\n<p>Adem\u00e1s, destacaron que habr\u00e1 que tomar varias determinaciones como <strong><em>\u201cbuscar un espacio f\u00edsico, definir cantidad de d\u00edas, hacer todas las adaptaciones necesarias para que sea factible y los escritores y la ciudadan\u00eda puedan contar con ese espacio de encuentro que es tan importante\u201d.<\/em><\/strong><\/p>\n<p>&nbsp;<\/p>\n<p><em>\u201cSi nos comprometemos desde los diferentes roles seguramente podamos concretarlo. De la reuni\u00f3n participaron personas que han colaborado en el armado de la feria otros a\u00f1os y tienen mucha experiencia. En los pr\u00f3ximos d\u00edas nos vamos a juntar con integrantes del Instituto Cultural de la Provincia para contarles el proyecto\u201d<\/em>, concluyeron los ediles.<\/p>\n","protected":false},"excerpt":{"rendered":"<p>Hubo un encuentro entre escritores locales, referentes culturales y funcionarios y legisladores del Frente de Todos. Llevar\u00e1n la propuesta al<\/p>\n","protected":false},"author":2,"featured_media":60103,"comment_status":"closed","ping_status":"closed","sticky":false,"template":"","format":"standard","meta":{"_jetpack_memberships_contains_paid_content":false,"footnotes":""},"categories":[9,1],"tags":[],"class_list":["post-60101","post","type-post","status-publish","format-standard","has-post-thumbnail","hentry","category-cultura","category-portada"],"jetpack_featured_media_url":"https:\/\/i0.wp.com\/cdnoticias.com\/wp-content\/uploads\/2022\/07\/WhatsApp-Image-2022-07-14-at-4.06.49-PM.jpeg?fit=1600%2C1200&ssl=1","jetpack_sharing_enabled":true,"_links":{"self":[{"href":"https:\/\/cdnoticias.com\/index.php\/wp-json\/wp\/v2\/posts\/60101","targetHints":{"allow":["GET"]}}],"collection":[{"href":"https:\/\/cdnoticias.com\/index.php\/wp-json\/wp\/v2\/posts"}],"about":[{"href":"https:\/\/cdnoticias.com\/index.php\/wp-json\/wp\/v2\/types\/post"}],"author":[{"embeddable":true,"href":"https:\/\/cdnoticias.com\/index.php\/wp-json\/wp\/v2\/users\/2"}],"replies":[{"embeddable":true,"href":"https:\/\/cdnoticias.com\/index.php\/wp-json\/wp\/v2\/comments?post=60101"}],"version-history":[{"count":0,"href":"https:\/\/cdnoticias.com\/index.php\/wp-json\/wp\/v2\/posts\/60101\/revisions"}],"wp:featuredmedia":[{"embeddable":true,"href":"https:\/\/cdnoticias.com\/index.php\/wp-json\/wp\/v2\/media\/60103"}],"wp:attachment":[{"href":"https:\/\/cdnoticias.com\/index.php\/wp-json\/wp\/v2\/media?parent=60101"}],"wp:term":[{"taxonomy":"category","embeddable":true,"href":"https:\/\/cdnoticias.com\/index.php\/wp-json\/wp\/v2\/categories?post=60101"},{"taxonomy":"post_tag","embeddable":true,"href":"https:\/\/cdnoticias.com\/index.php\/wp-json\/wp\/v2\/tags?post=60101"}],"curies":[{"name":"wp","href":"https:\/\/api.w.org\/{rel}","templated":true}]}}