{"id":60030,"date":"2022-07-13T20:49:42","date_gmt":"2022-07-13T23:49:42","guid":{"rendered":"https:\/\/www.centraldenoticias.com.ar\/?p=60030"},"modified":"2022-07-14T10:24:35","modified_gmt":"2022-07-14T13:24:35","slug":"la-solidaridad-de-los-olavarrienses-ante-dos-casos-de-incendio-en-la-ciudad","status":"publish","type":"post","link":"https:\/\/cdnoticias.com\/index.php\/2022\/07\/13\/la-solidaridad-de-los-olavarrienses-ante-dos-casos-de-incendio-en-la-ciudad\/","title":{"rendered":"La solidaridad de los olavarrienses ante dos casos de incendio en la ciudad"},"content":{"rendered":"<p>Estas \u00faltimas semanas ocurrieron varios incendios, dos de ellos con p\u00e9rdidas totales. C\u00f3mo pod\u00e9s seguir ayudando. <!--more--><\/p>\n<hr \/>\n<p><em>Por: Danisa Jaime\u00a0<\/em><\/p>\n<p>&nbsp;<\/p>\n<p>Varios incendios se dieron en las \u00faltimas semanas en la ciudad, <strong>dos de ellos con p\u00e9rdidas totales.<\/strong> Uno ocurri\u00f3 en el barrio <a href=\"https:\/\/cdnoticias.com\/index.php\/2022\/06\/24\/danos-totales-en-un-importante-incendio-de-vivienda-del-barrio-mariano-moreno\/\" target=\"_blank\" rel=\"noopener\">Mariano Moreno<\/a>, espec\u00edficamente en la calle <strong>Roque S\u00e1enz Pe\u00f1a al 2800.<\/strong> En el lugar asistieron dos dotaciones con una docena de Bomberos Voluntarios.<\/p>\n<p>&nbsp;<\/p>\n<p><img data-recalc-dims=\"1\" loading=\"lazy\" decoding=\"async\" class=\"aligncenter wp-image-60031 size-full\" src=\"https:\/\/i0.wp.com\/cdnoticias.com\/wp-content\/uploads\/2022\/07\/WhatsApp-Image-2022-06-24-at-7.48.15-PM-800x445-1.jpeg?resize=800%2C445&#038;ssl=1\" alt=\"\" width=\"800\" height=\"445\" srcset=\"https:\/\/i0.wp.com\/cdnoticias.com\/wp-content\/uploads\/2022\/07\/WhatsApp-Image-2022-06-24-at-7.48.15-PM-800x445-1.jpeg?w=800&amp;ssl=1 800w, https:\/\/i0.wp.com\/cdnoticias.com\/wp-content\/uploads\/2022\/07\/WhatsApp-Image-2022-06-24-at-7.48.15-PM-800x445-1.jpeg?resize=300%2C167&amp;ssl=1 300w, https:\/\/i0.wp.com\/cdnoticias.com\/wp-content\/uploads\/2022\/07\/WhatsApp-Image-2022-06-24-at-7.48.15-PM-800x445-1.jpeg?resize=768%2C427&amp;ssl=1 768w\" sizes=\"auto, (max-width: 800px) 100vw, 800px\" \/><\/p>\n<p>&nbsp;<\/p>\n<p>Afortunadamente, no hubo que lamentar heridos, aunque si hubo<strong> p\u00e9rdidas materiales totales.<\/strong> El mismo caso ocurri\u00f3 en una vivienda ubicada en<a href=\"https:\/\/cdnoticias.com\/index.php\/2022\/07\/11\/incendio-de-una-vivienda-trabajan-en-el-lugar-dos-dotaciones-de-bomberos\/\" target=\"_blank\" rel=\"noopener\"> San Lorenzo al 1300<\/a>, donde asistieron <strong>dos unidades de Bomberos Voluntarios.<\/strong><br \/>\n<span id=\"more-58293\"><\/span><\/p>\n<p>&nbsp;<\/p>\n<p><img data-recalc-dims=\"1\" loading=\"lazy\" decoding=\"async\" class=\"aligncenter wp-image-60032 size-full\" src=\"https:\/\/i0.wp.com\/cdnoticias.com\/wp-content\/uploads\/2022\/07\/incendio-cortes1300-05-800x445-1.jpg?resize=800%2C445&#038;ssl=1\" alt=\"\" width=\"800\" height=\"445\" srcset=\"https:\/\/i0.wp.com\/cdnoticias.com\/wp-content\/uploads\/2022\/07\/incendio-cortes1300-05-800x445-1.jpg?w=800&amp;ssl=1 800w, https:\/\/i0.wp.com\/cdnoticias.com\/wp-content\/uploads\/2022\/07\/incendio-cortes1300-05-800x445-1.jpg?resize=300%2C167&amp;ssl=1 300w, https:\/\/i0.wp.com\/cdnoticias.com\/wp-content\/uploads\/2022\/07\/incendio-cortes1300-05-800x445-1.jpg?resize=768%2C427&amp;ssl=1 768w\" sizes=\"auto, (max-width: 800px) 100vw, 800px\" \/><\/p>\n<p>&nbsp;<\/p>\n<p>&nbsp;<\/p>\n<p>Debido a los incendios de gran magnitud, las dos familias est\u00e1n pidiendo donaciones. <strong><em>Central de Noticias<\/em><\/strong> <strong>se comunic\u00f3 con las dos familias afectadas<\/strong> y ambas <strong>han recibido donaciones por parte de los olavarrienses.<\/strong><\/p>\n<p>&nbsp;<\/p>\n<p><strong>Carolina Campo,<\/strong> hija de <strong>Susana Coronel quien perdi\u00f3 sus pertenencias<\/strong> en San Lorenzo al 1300, explic\u00f3 que &#8220;en este momento <strong>lo que m\u00e1s necesita es el techo y las paredes, es decir materiales de construcci\u00f3n y tambi\u00e9n mercader\u00eda&#8221;.<\/strong><\/p>\n<p>&nbsp;<\/p>\n<p>Sobre las donaciones, cont\u00f3 que <strong>&#8220;la gente ya le don\u00f3 colchones, cobijas, sabanas, toallones y ropa.<\/strong> Tambi\u00e9n <strong>un hombre que tiene una distribuidora le don\u00f3 \u00fatiles escolares.<\/strong> No tienen cocina y heladera pero lo que necesita es el techo. Ella no puede hablar, est\u00e1 en shock y muy mal&#8221;.<\/p>\n<p>&nbsp;<\/p>\n<p><strong>&#8220;La ayuda estuvo por parte de la gente&#8221;<\/strong> resalt\u00f3 Carolina y denunci\u00f3 que <strong>no obtuvo una respuesta favorable de parte del Municipio por una situaci\u00f3n laboral incompatible<\/strong> con la ayuda. Adem\u00e1s, resalt\u00f3 un contrapunto por el <strong>estado de una pared que finalmente se derrumb\u00f3:<\/strong> explic\u00f3 que si bien <strong>Bomberos anticip\u00f3 que se caer\u00eda<\/strong> &#8220;porque los ladrillos recibieron mucho calor y ten\u00eda m\u00e1s de 20 a\u00f1os&#8221;<strong> desde la municipalidad &#8220;se\u00f1alaron que eso no iba a pasar&#8221;.<\/strong><\/p>\n<p>&nbsp;<\/p>\n<p>Por \u00faltimo, Carolina Campo cont\u00f3 que en este momento la<strong> familia est\u00e1 aloj\u00e1ndose en lo de una amiga<\/strong> y que esperan volver a su hogar luego de tener el techo y las paredes en condiciones.<\/p>\n<p>&nbsp;<\/p>\n<p><img data-recalc-dims=\"1\" loading=\"lazy\" decoding=\"async\" class=\"aligncenter wp-image-60034 size-full\" src=\"https:\/\/i0.wp.com\/cdnoticias.com\/wp-content\/uploads\/2022\/07\/incendio-cortes1300-00-800x445-1.jpg?resize=800%2C445&#038;ssl=1\" alt=\"\" width=\"800\" height=\"445\" srcset=\"https:\/\/i0.wp.com\/cdnoticias.com\/wp-content\/uploads\/2022\/07\/incendio-cortes1300-00-800x445-1.jpg?w=800&amp;ssl=1 800w, https:\/\/i0.wp.com\/cdnoticias.com\/wp-content\/uploads\/2022\/07\/incendio-cortes1300-00-800x445-1.jpg?resize=300%2C167&amp;ssl=1 300w, https:\/\/i0.wp.com\/cdnoticias.com\/wp-content\/uploads\/2022\/07\/incendio-cortes1300-00-800x445-1.jpg?resize=768%2C427&amp;ssl=1 768w\" sizes=\"auto, (max-width: 800px) 100vw, 800px\" \/><\/p>\n<p>&nbsp;<\/p>\n<p>Los interesados en colaborar con donaciones pueden comunicarse al<strong> 2284-577417 (Carolina).<\/strong><\/p>\n<p>&nbsp;<\/p>\n<p>Por otra parte y sobre el incendio ocurrido en el<strong> barrio Mariano Moreno,<\/strong> <strong>Cecilia Arrieta<\/strong> quien viv\u00eda all\u00ed con sus hijas, su hermana y su sobrino, coment\u00f3 que <strong>&#8220;ahora estamos necesitando materiales de construcci\u00f3n y manos solidarias que nos ayuden a sacar el techo<\/strong>. Tambi\u00e9n necesitamos <strong>materiales el\u00e9ctricos <\/strong>porque se quem\u00f3 toda la instalaci\u00f3n de luz a ra\u00edz de una descarga el\u00e9ctrica&#8221;.<\/p>\n<p>&nbsp;<\/p>\n<p>Se\u00f1al\u00f3 que <strong>&#8220;el calzado y la ropa la recibimos hasta la semana pasada,<\/strong> no porque no queramos, si no porque no contamos con un espacio donde poder guardar las donaciones&#8221;. En este momento, Cecilia y sus hijas est\u00e1n alojadas en la casa de su madre, mientras que su hermana junto a su hijo se encuentran en la casa de una amiga.<\/p>\n<p>&nbsp;<\/p>\n<p>Sobre la <strong>ayuda del Municipio<\/strong> cont\u00f3 que &#8220;el mismo d\u00eda del incendio se acerc\u00f3 una asistente social de Desarrollo Social preguntando qu\u00e9 era lo m\u00e1s urgente. <strong>En ese momento necesitamos ropa porque no ten\u00edamos nada y nos ayudaron con eso.<\/strong> Tambi\u00e9n nos dijeron que<strong> nos iban a avisar cuando tengan los materiales, por ahora no he recibido respuesta de eso&#8221;. Se adelant\u00f3 desde la comuna, en di\u00e1logo con Central de Noticias, que los materiales tienen mayor demora pero que ser\u00e1n enviados a la familia.\u00a0<\/strong><\/p>\n<p>&nbsp;<\/p>\n<p>Cecilia Arrieta <strong>es profesora de teatro para ni\u00f1os en Insurgente<\/strong> y sus compa\u00f1eros tambi\u00e9n se solidarizaron con ella. &#8220;<strong>Van a hacer una movida cultural para poder recaudar fondos<\/strong> para justamente comprar la parte de los materiales que nos faltan&#8221;.<\/p>\n<p>&nbsp;<\/p>\n<p><img data-recalc-dims=\"1\" loading=\"lazy\" decoding=\"async\" class=\"aligncenter wp-image-60035 size-full\" src=\"https:\/\/i0.wp.com\/cdnoticias.com\/wp-content\/uploads\/2022\/07\/WhatsApp-Image-2022-06-24-at-7.47.55-PM-1024x768-1.jpeg?resize=800%2C600&#038;ssl=1\" alt=\"\" width=\"800\" height=\"600\" srcset=\"https:\/\/i0.wp.com\/cdnoticias.com\/wp-content\/uploads\/2022\/07\/WhatsApp-Image-2022-06-24-at-7.47.55-PM-1024x768-1.jpeg?w=1024&amp;ssl=1 1024w, https:\/\/i0.wp.com\/cdnoticias.com\/wp-content\/uploads\/2022\/07\/WhatsApp-Image-2022-06-24-at-7.47.55-PM-1024x768-1.jpeg?resize=300%2C225&amp;ssl=1 300w, https:\/\/i0.wp.com\/cdnoticias.com\/wp-content\/uploads\/2022\/07\/WhatsApp-Image-2022-06-24-at-7.47.55-PM-1024x768-1.jpeg?resize=768%2C576&amp;ssl=1 768w\" sizes=\"auto, (max-width: 800px) 100vw, 800px\" \/><\/p>\n<p>&nbsp;<\/p>\n<p>Desde<strong> Insurgente se convoc\u00f3 a artistas y feriantes<\/strong> que quieran colaborar con la causa. <strong>La actividad cultural ser\u00e1 el pr\u00f3ximo 7 de agosto.<\/strong><\/p>\n<p>&nbsp;<\/p>\n<p><em>&#8220;<strong>No solamente es necesario lo monetario, tambi\u00e9n son bienvenidas manos solidarias para ayudar a limpiar.<\/strong> <strong>Mucha gente me dice que no puede ayudarme con dinero, pero pueden ayudarme a reconstruir<\/strong>&#8220;<\/em> cerr\u00f3 Cecilia.<\/p>\n<p>&nbsp;<\/p>\n<p>Los interesados en colaborar con donaciones pueden comunicarse al <strong>2284- 476202 (Cecilia).<\/strong><\/p>\n<p>&nbsp;<\/p>\n","protected":false},"excerpt":{"rendered":"<p>Estas \u00faltimas semanas ocurrieron varios incendios, dos de ellos con p\u00e9rdidas totales. C\u00f3mo pod\u00e9s seguir ayudando.<\/p>\n","protected":false},"author":6,"featured_media":60037,"comment_status":"closed","ping_status":"closed","sticky":false,"template":"","format":"standard","meta":{"_jetpack_memberships_contains_paid_content":false,"footnotes":""},"categories":[5,1],"tags":[],"class_list":["post-60030","post","type-post","status-publish","format-standard","has-post-thumbnail","hentry","category-informacion-general","category-portada"],"jetpack_featured_media_url":"https:\/\/i0.wp.com\/cdnoticias.com\/wp-content\/uploads\/2022\/07\/WhatsApp-Image-2022-06-24-at-7.49.30-PM-1024x576-1.jpeg?fit=1024%2C576&ssl=1","jetpack_sharing_enabled":true,"_links":{"self":[{"href":"https:\/\/cdnoticias.com\/index.php\/wp-json\/wp\/v2\/posts\/60030","targetHints":{"allow":["GET"]}}],"collection":[{"href":"https:\/\/cdnoticias.com\/index.php\/wp-json\/wp\/v2\/posts"}],"about":[{"href":"https:\/\/cdnoticias.com\/index.php\/wp-json\/wp\/v2\/types\/post"}],"author":[{"embeddable":true,"href":"https:\/\/cdnoticias.com\/index.php\/wp-json\/wp\/v2\/users\/6"}],"replies":[{"embeddable":true,"href":"https:\/\/cdnoticias.com\/index.php\/wp-json\/wp\/v2\/comments?post=60030"}],"version-history":[{"count":0,"href":"https:\/\/cdnoticias.com\/index.php\/wp-json\/wp\/v2\/posts\/60030\/revisions"}],"wp:featuredmedia":[{"embeddable":true,"href":"https:\/\/cdnoticias.com\/index.php\/wp-json\/wp\/v2\/media\/60037"}],"wp:attachment":[{"href":"https:\/\/cdnoticias.com\/index.php\/wp-json\/wp\/v2\/media?parent=60030"}],"wp:term":[{"taxonomy":"category","embeddable":true,"href":"https:\/\/cdnoticias.com\/index.php\/wp-json\/wp\/v2\/categories?post=60030"},{"taxonomy":"post_tag","embeddable":true,"href":"https:\/\/cdnoticias.com\/index.php\/wp-json\/wp\/v2\/tags?post=60030"}],"curies":[{"name":"wp","href":"https:\/\/api.w.org\/{rel}","templated":true}]}}