{"id":60016,"date":"2022-07-13T13:32:28","date_gmt":"2022-07-13T16:32:28","guid":{"rendered":"https:\/\/www.centraldenoticias.com.ar\/?p=60016"},"modified":"2022-07-13T18:01:50","modified_gmt":"2022-07-13T21:01:50","slug":"comenzo-la-concentracion-de-ruralistas-en-azul","status":"publish","type":"post","link":"https:\/\/cdnoticias.com\/index.php\/2022\/07\/13\/comenzo-la-concentracion-de-ruralistas-en-azul\/","title":{"rendered":"Comenz\u00f3 la concentraci\u00f3n de ruralistas en Azul"},"content":{"rendered":"<p>En el cruce de las rutas 3 y 226 se encuentran decenas de productores de la regi\u00f3n. Desde nuestra ciudad, la Sociedad Rural de Olavarr\u00eda hab\u00eda convocado a la \u201cJornada Federal de Demanda\u201d.<!--more--><\/p>\n<hr \/>\n<p><strong>Decenas de productores rurales de la regi\u00f3n centro bonaerense ya se dieron cita en el cruce de las rutas 3 y 226 en Azul<\/strong> en el marco de la <a href=\"https:\/\/cdnoticias.com\/index.php\/2022\/07\/12\/el-campo-para-este-miercoles-azul-sera-un-punto-de-concentracion\/\" target=\"_blank\" rel=\"noopener\">manifestaci\u00f3n convocada por la Mesa de Enlace nacional y con r\u00e9plica a trav\u00e9s de Carbap y de las sociedades rurales locales<\/a>.<\/p>\n<p>&nbsp;<\/p>\n<p>Desde Olavarr\u00eda participan dirigentes y productores en la manifestaci\u00f3n. <strong>La Sociedad Rural de Olavarr\u00eda hab\u00eda llamado a la \u201cJornada Federal de Demanda\u201d<\/strong> que tiene como reclamo principal la falta de abastecimiento de gasoil, aunque tambi\u00e9n se sumaron otros puntos.<\/p>\n<p>&nbsp;<\/p>\n<p><img data-recalc-dims=\"1\" loading=\"lazy\" decoding=\"async\" class=\"size-full wp-image-60018 aligncenter\" src=\"https:\/\/i0.wp.com\/cdnoticias.com\/wp-content\/uploads\/2022\/07\/carbap-01-rutas-3-y-226-4.jpg?resize=800%2C445&#038;ssl=1\" alt=\"\" width=\"800\" height=\"445\" srcset=\"https:\/\/i0.wp.com\/cdnoticias.com\/wp-content\/uploads\/2022\/07\/carbap-01-rutas-3-y-226-4.jpg?w=800&amp;ssl=1 800w, https:\/\/i0.wp.com\/cdnoticias.com\/wp-content\/uploads\/2022\/07\/carbap-01-rutas-3-y-226-4.jpg?resize=300%2C167&amp;ssl=1 300w, https:\/\/i0.wp.com\/cdnoticias.com\/wp-content\/uploads\/2022\/07\/carbap-01-rutas-3-y-226-4.jpg?resize=768%2C427&amp;ssl=1 768w\" sizes=\"auto, (max-width: 800px) 100vw, 800px\" \/><\/p>\n<p>&nbsp;<\/p>\n<p>Desde medios de la vecina localidad se inform\u00f3 que se congregan<strong> productores de Azul, Olavarr\u00eda, Benito Ju\u00e1rez, Laprida, General La Madrid, Rauch, Las Flores, Tapalqu\u00e9, Tandil, Bol\u00edvar y General Alvear<\/strong>. Reclaman en todo el pa\u00eds por la falta de gasoil, la inestabilidad macroecon\u00f3mica y contra \u201cun vac\u00edo pol\u00edtico sin precedentes\u201d, entre otros puntos.<\/p>\n<p>&nbsp;<\/p>\n<p><strong>Los pedidos<\/strong><\/p>\n<p>&nbsp;<\/p>\n<p>Mientras el Gobierno asegura que la provisi\u00f3n de gasoil est\u00e1 cerca de normalizarse, las entidades agropecuarias que conforman la Mesa de Enlace realizan este mi\u00e9rcoles una jornada de protesta y un <strong>cese de comercializaci\u00f3n de granos y hacienda cuyo principal reclamo es por la falta de ese combustible, imprescindible para la producci\u00f3n, y con la demanda de que \u201cla pol\u00edtica recupere la estabilidad macroecon\u00f3mica\u201d.<\/strong><\/p>\n<p>&nbsp;<\/p>\n<p><img data-recalc-dims=\"1\" loading=\"lazy\" decoding=\"async\" class=\"size-full wp-image-60019 aligncenter\" src=\"https:\/\/i0.wp.com\/cdnoticias.com\/wp-content\/uploads\/2022\/07\/carbap-02-rutas-3-y-226.jpg?resize=800%2C445&#038;ssl=1\" alt=\"\" width=\"800\" height=\"445\" srcset=\"https:\/\/i0.wp.com\/cdnoticias.com\/wp-content\/uploads\/2022\/07\/carbap-02-rutas-3-y-226.jpg?w=800&amp;ssl=1 800w, https:\/\/i0.wp.com\/cdnoticias.com\/wp-content\/uploads\/2022\/07\/carbap-02-rutas-3-y-226.jpg?resize=300%2C167&amp;ssl=1 300w, https:\/\/i0.wp.com\/cdnoticias.com\/wp-content\/uploads\/2022\/07\/carbap-02-rutas-3-y-226.jpg?resize=768%2C427&amp;ssl=1 768w\" sizes=\"auto, (max-width: 800px) 100vw, 800px\" \/><\/p>\n<p>&nbsp;<\/p>\n<p>La convocatoria consiste en <strong>concentraciones a la vera de las rutas y en ciudades sin cortes en la circulaci\u00f3n vehicular<\/strong>. En la provincia de Buenos Aires, adem\u00e1s de Azul, se realizan manifestaciones en<em> Guamin\u00ed, Chascom\u00fas, Chivilcoy, San Pedro, Pehuaj\u00f3, Las Armas y Tres Arroyos,<\/em> convocadas por las rurales de esos distritos y de los cercanos.<\/p>\n<p>&nbsp;<\/p>\n<p>En los puntos de concentraci\u00f3n para esta jornada de protesta<strong> se distribuye un documento confeccionado con el resto de la cadena agropecuaria<\/strong>, que entre otros conceptos incluye el pedido de que \u201cla pol\u00edtica recupere la estabilidad macroecon\u00f3mica\u201d.\u00a0Adem\u00e1s, el escrito plantea la necesidad de que se normalice el abastecimiento de gasoil y la compra de fertilizantes, entre otras cuestiones.<\/p>\n<p>&nbsp;<\/p>\n<blockquote class=\"twitter-tweet\">\n<p dir=\"ltr\" lang=\"es\">\u274c Jornada Federal de Demanda \u274c<\/p>\n<p>\ud83d\udccd Azul, Buenos Aires<br \/>\n\ud83d\udccd Santa Rosa, La Pampa<a href=\"https:\/\/twitter.com\/hashtag\/RuralesCARBAP?src=hash&amp;ref_src=twsrc%5Etfw\">#RuralesCARBAP<\/a> se manifiestan en distintos puntos por la situaci\u00f3n general del Pa\u00eds \ud83c\udde6\ud83c\uddf7 <a href=\"https:\/\/t.co\/cdrFmb4T67\">pic.twitter.com\/cdrFmb4T67<\/a><\/p>\n<p>\u2014 CARBAP (@CARBAP_ARG) <a href=\"https:\/\/twitter.com\/CARBAP_ARG\/status\/1547213291931443200?ref_src=twsrc%5Etfw\">July 13, 2022<\/a><\/p><\/blockquote>\n<p><script async src=\"https:\/\/platform.twitter.com\/widgets.js\" charset=\"utf-8\"><\/script><\/p>\n<p>&nbsp;<\/p>\n<p><strong>Acto en Gualeguaych\u00fa<\/strong><\/p>\n<p>&nbsp;<\/p>\n<p>Los presidentes de Sociedad Rural Argentina (SRA), Nicol\u00e1s Pino; de Confederaciones Rurales Argentinas (CRA), Jorge Chemes; de Federaci\u00f3n Agraria (FAA), Carlos Achetoni; y el vicepresidente de Coninagro, Elbio Laucirica, estar\u00e1n en Gualeguaych\u00fa, donde se realizar\u00e1 una movilizaci\u00f3n y asamblea sobre la ruta 14, en horas del mediod\u00eda.<\/p>\n<p>&nbsp;<\/p>\n<p><img data-recalc-dims=\"1\" loading=\"lazy\" decoding=\"async\" class=\"size-full wp-image-60020 aligncenter\" src=\"https:\/\/i0.wp.com\/cdnoticias.com\/wp-content\/uploads\/2022\/07\/carbap-03-rutas-3-y-226.jpg?resize=800%2C445&#038;ssl=1\" alt=\"\" width=\"800\" height=\"445\" srcset=\"https:\/\/i0.wp.com\/cdnoticias.com\/wp-content\/uploads\/2022\/07\/carbap-03-rutas-3-y-226.jpg?w=800&amp;ssl=1 800w, https:\/\/i0.wp.com\/cdnoticias.com\/wp-content\/uploads\/2022\/07\/carbap-03-rutas-3-y-226.jpg?resize=300%2C167&amp;ssl=1 300w, https:\/\/i0.wp.com\/cdnoticias.com\/wp-content\/uploads\/2022\/07\/carbap-03-rutas-3-y-226.jpg?resize=768%2C427&amp;ssl=1 768w\" sizes=\"auto, (max-width: 800px) 100vw, 800px\" \/><\/p>\n<p>&nbsp;<\/p>\n<p>Tambi\u00e9n habr\u00e1 protestas en Chaco, Mendoza, Santa Fe, Formosa, Corrientes, C\u00f3rdoba, Entre R\u00edos, Buenos Aires -como se dijo- y La Pampa.<\/p>\n<p>&nbsp;<\/p>\n<p>Si bien el detonante de la protesta inicialmente fueron los problemas en la provisi\u00f3n de gasoil, el abastecimiento de este combustible -seg\u00fan autoridades nacionales y reportes privados- se encuentra cerca de su normalizaci\u00f3n.<\/p>\n<p>&nbsp;<\/p>\n<p>Fuentes y fotos: <em>DIB, Noticias de Azul y Central de Noticias<\/em><\/p>\n","protected":false},"excerpt":{"rendered":"<p>En el cruce de las rutas 3 y 226 se encuentran decenas de productores de la regi\u00f3n. Desde nuestra ciudad,<\/p>\n","protected":false},"author":4,"featured_media":60017,"comment_status":"closed","ping_status":"closed","sticky":false,"template":"","format":"standard","meta":{"_jetpack_memberships_contains_paid_content":false,"footnotes":""},"categories":[6,1],"tags":[],"class_list":["post-60016","post","type-post","status-publish","format-standard","has-post-thumbnail","hentry","category-nacionales","category-portada"],"jetpack_featured_media_url":"https:\/\/i0.wp.com\/cdnoticias.com\/wp-content\/uploads\/2022\/07\/carbap-00-rutas-3-y-226-Noticias-de-Azul.jpg?fit=800%2C445&ssl=1","jetpack_sharing_enabled":true,"_links":{"self":[{"href":"https:\/\/cdnoticias.com\/index.php\/wp-json\/wp\/v2\/posts\/60016","targetHints":{"allow":["GET"]}}],"collection":[{"href":"https:\/\/cdnoticias.com\/index.php\/wp-json\/wp\/v2\/posts"}],"about":[{"href":"https:\/\/cdnoticias.com\/index.php\/wp-json\/wp\/v2\/types\/post"}],"author":[{"embeddable":true,"href":"https:\/\/cdnoticias.com\/index.php\/wp-json\/wp\/v2\/users\/4"}],"replies":[{"embeddable":true,"href":"https:\/\/cdnoticias.com\/index.php\/wp-json\/wp\/v2\/comments?post=60016"}],"version-history":[{"count":0,"href":"https:\/\/cdnoticias.com\/index.php\/wp-json\/wp\/v2\/posts\/60016\/revisions"}],"wp:featuredmedia":[{"embeddable":true,"href":"https:\/\/cdnoticias.com\/index.php\/wp-json\/wp\/v2\/media\/60017"}],"wp:attachment":[{"href":"https:\/\/cdnoticias.com\/index.php\/wp-json\/wp\/v2\/media?parent=60016"}],"wp:term":[{"taxonomy":"category","embeddable":true,"href":"https:\/\/cdnoticias.com\/index.php\/wp-json\/wp\/v2\/categories?post=60016"},{"taxonomy":"post_tag","embeddable":true,"href":"https:\/\/cdnoticias.com\/index.php\/wp-json\/wp\/v2\/tags?post=60016"}],"curies":[{"name":"wp","href":"https:\/\/api.w.org\/{rel}","templated":true}]}}