{"id":59974,"date":"2022-07-13T08:28:21","date_gmt":"2022-07-13T11:28:21","guid":{"rendered":"https:\/\/www.centraldenoticias.com.ar\/?p=59974"},"modified":"2022-07-14T07:49:36","modified_gmt":"2022-07-14T10:49:36","slug":"violencia-de-genero-dos-detenidos-por-intento-de-homicidio","status":"publish","type":"post","link":"https:\/\/cdnoticias.com\/index.php\/2022\/07\/13\/violencia-de-genero-dos-detenidos-por-intento-de-homicidio\/","title":{"rendered":"Violencia de g\u00e9nero: dos detenidos por intento de homicidio"},"content":{"rendered":"<p>Ten\u00edan una orden de detenci\u00f3n por intento de homicidio, amenazas con armas de fuego y amenazas simples.<!--more--><\/p>\n<hr \/>\n<p>Dos<strong> hombres de 26 y 28 a\u00f1os<\/strong> fueron detenidos luego de amplias investigaciones y tareas de encubierto. Sobre ellos reca\u00eda una<strong> orden de detenci\u00f3n<\/strong> por graves hecho de violencia de familiar y de g\u00e9nero.<\/p>\n<p>&nbsp;<\/p>\n<p><img data-recalc-dims=\"1\" loading=\"lazy\" decoding=\"async\" class=\"aligncenter wp-image-59980\" src=\"https:\/\/i0.wp.com\/cdnoticias.com\/wp-content\/uploads\/2022\/07\/detencion-yrigoyen600-1.jpg?resize=500%2C383&#038;ssl=1\" alt=\"\" width=\"500\" height=\"383\" srcset=\"https:\/\/i0.wp.com\/cdnoticias.com\/wp-content\/uploads\/2022\/07\/detencion-yrigoyen600-1.jpg?w=688&amp;ssl=1 688w, https:\/\/i0.wp.com\/cdnoticias.com\/wp-content\/uploads\/2022\/07\/detencion-yrigoyen600-1.jpg?resize=300%2C230&amp;ssl=1 300w\" sizes=\"auto, (max-width: 500px) 100vw, 500px\" \/><\/p>\n<p>&nbsp;<\/p>\n<p>La orden hab\u00eda sido emanada por el Jugado de Garant\u00edas N\u00b01 de Olavarr\u00eda a pedido de la UFI N\u00ba 5 especializada en Violencia Familiar y de G\u00e9nero a cargo de la doctora Viviana Beytia por<strong> \u201chomicidio doblemente agravado por el uso de arma de fuego y por el v\u00ednculo en grado de tentativa en concurso real\u201d<\/strong>, dos hechos de <strong>\u201camenazas agravadas por el uso de armas\u201d<\/strong> y dos hechos de <strong>\u201camenazas simples\u201d.<\/strong><\/p>\n<p>&nbsp;<\/p>\n<p><img data-recalc-dims=\"1\" loading=\"lazy\" decoding=\"async\" class=\"aligncenter wp-image-59981\" src=\"https:\/\/i0.wp.com\/cdnoticias.com\/wp-content\/uploads\/2022\/07\/detencion-yrigoyen600-2.jpg?resize=500%2C453&#038;ssl=1\" alt=\"\" width=\"500\" height=\"453\" srcset=\"https:\/\/i0.wp.com\/cdnoticias.com\/wp-content\/uploads\/2022\/07\/detencion-yrigoyen600-2.jpg?w=900&amp;ssl=1 900w, https:\/\/i0.wp.com\/cdnoticias.com\/wp-content\/uploads\/2022\/07\/detencion-yrigoyen600-2.jpg?resize=300%2C272&amp;ssl=1 300w, https:\/\/i0.wp.com\/cdnoticias.com\/wp-content\/uploads\/2022\/07\/detencion-yrigoyen600-2.jpg?resize=768%2C696&amp;ssl=1 768w\" sizes=\"auto, (max-width: 500px) 100vw, 500px\" \/><\/p>\n<p>&nbsp;<\/p>\n<p>Efectivos policiales de la subcomisar\u00eda de Sierra Chica en conjunto con personal de comisar\u00eda Primera y Polic\u00eda Local <strong>detuvieron a los hombres en Hip\u00f3lito Yrigoyen al 600<\/strong> y fueron alojados en la comisar\u00eda Primera mientras se cumplimentan los requerimientos legales.<\/p>\n","protected":false},"excerpt":{"rendered":"<p>Ten\u00edan una orden de detenci\u00f3n por intento de homicidio, amenazas con armas de fuego y amenazas simples.<\/p>\n","protected":false},"author":5,"featured_media":59979,"comment_status":"closed","ping_status":"closed","sticky":false,"template":"","format":"standard","meta":{"_jetpack_memberships_contains_paid_content":false,"footnotes":""},"categories":[14,1],"tags":[],"class_list":["post-59974","post","type-post","status-publish","format-standard","has-post-thumbnail","hentry","category-policiales","category-portada"],"jetpack_featured_media_url":"https:\/\/i0.wp.com\/cdnoticias.com\/wp-content\/uploads\/2022\/07\/detencion-yrigoyen600.jpg?fit=1000%2C475&ssl=1","jetpack_sharing_enabled":true,"_links":{"self":[{"href":"https:\/\/cdnoticias.com\/index.php\/wp-json\/wp\/v2\/posts\/59974","targetHints":{"allow":["GET"]}}],"collection":[{"href":"https:\/\/cdnoticias.com\/index.php\/wp-json\/wp\/v2\/posts"}],"about":[{"href":"https:\/\/cdnoticias.com\/index.php\/wp-json\/wp\/v2\/types\/post"}],"author":[{"embeddable":true,"href":"https:\/\/cdnoticias.com\/index.php\/wp-json\/wp\/v2\/users\/5"}],"replies":[{"embeddable":true,"href":"https:\/\/cdnoticias.com\/index.php\/wp-json\/wp\/v2\/comments?post=59974"}],"version-history":[{"count":0,"href":"https:\/\/cdnoticias.com\/index.php\/wp-json\/wp\/v2\/posts\/59974\/revisions"}],"wp:featuredmedia":[{"embeddable":true,"href":"https:\/\/cdnoticias.com\/index.php\/wp-json\/wp\/v2\/media\/59979"}],"wp:attachment":[{"href":"https:\/\/cdnoticias.com\/index.php\/wp-json\/wp\/v2\/media?parent=59974"}],"wp:term":[{"taxonomy":"category","embeddable":true,"href":"https:\/\/cdnoticias.com\/index.php\/wp-json\/wp\/v2\/categories?post=59974"},{"taxonomy":"post_tag","embeddable":true,"href":"https:\/\/cdnoticias.com\/index.php\/wp-json\/wp\/v2\/tags?post=59974"}],"curies":[{"name":"wp","href":"https:\/\/api.w.org\/{rel}","templated":true}]}}