{"id":59925,"date":"2022-07-12T14:31:19","date_gmt":"2022-07-12T17:31:19","guid":{"rendered":"https:\/\/www.centraldenoticias.com.ar\/?p=59925"},"modified":"2022-07-12T14:31:19","modified_gmt":"2022-07-12T17:31:19","slug":"una-oferta-para-la-segunda-etapa-del-reemplazo-de-veredas-en-la-escuela-ex-normal","status":"publish","type":"post","link":"https:\/\/cdnoticias.com\/index.php\/2022\/07\/12\/una-oferta-para-la-segunda-etapa-del-reemplazo-de-veredas-en-la-escuela-ex-normal\/","title":{"rendered":"Una oferta para la segunda etapa del reemplazo de veredas en la Escuela Ex Normal"},"content":{"rendered":"<p>Una empresa local ofert\u00f3 5,6 millones de pesos por la obra. Es menor al presupuesto oficial. Los trabajos se extender\u00e1n por Espa\u00f1a y Lamadrid sobre m\u00e1s de 400 metros cuadrados.<br \/>\n<!--more--><\/p>\n<hr \/>\n<p>Este martes por la ma\u00f1ana se realiz\u00f3 la <strong>apertura de la licitaci\u00f3n privada para la segunda etapa de obra para el reemplazo de veredas en la sede de la Escuela Ex Normal<\/strong>.<\/p>\n<p>&nbsp;<\/p>\n<p>En dicha ocasi\u00f3n, <strong>la empresa Visan Ingenier\u00eda S.A. cotiz\u00f3 la suma de $5.600.379,48<\/strong>. Fue la \u00fanica oferta presentada y <em>fue menor al presupuesto oficial fijado en $6.057.900<\/em>.<\/p>\n<p>&nbsp;<\/p>\n<p><img data-recalc-dims=\"1\" loading=\"lazy\" decoding=\"async\" class=\"size-full wp-image-59926 aligncenter\" src=\"https:\/\/i0.wp.com\/cdnoticias.com\/wp-content\/uploads\/2022\/07\/veredas-escuela-normal-Licitaciones-Vererdas-Normal-1024x682-1.jpg?resize=800%2C445&#038;ssl=1\" alt=\"\" width=\"800\" height=\"445\" srcset=\"https:\/\/i0.wp.com\/cdnoticias.com\/wp-content\/uploads\/2022\/07\/veredas-escuela-normal-Licitaciones-Vererdas-Normal-1024x682-1.jpg?w=800&amp;ssl=1 800w, https:\/\/i0.wp.com\/cdnoticias.com\/wp-content\/uploads\/2022\/07\/veredas-escuela-normal-Licitaciones-Vererdas-Normal-1024x682-1.jpg?resize=300%2C167&amp;ssl=1 300w, https:\/\/i0.wp.com\/cdnoticias.com\/wp-content\/uploads\/2022\/07\/veredas-escuela-normal-Licitaciones-Vererdas-Normal-1024x682-1.jpg?resize=768%2C427&amp;ssl=1 768w\" sizes=\"auto, (max-width: 800px) 100vw, 800px\" \/><\/p>\n<p>&nbsp;<\/p>\n<p>La apertura de sobres de la licitaci\u00f3n tuvo lugar en el Palacio San Mart\u00edn y fue encabezada por la directora de Licitaciones Pilar Ciardelli.<\/p>\n<p>&nbsp;<\/p>\n<p><strong>La obra<\/strong><\/p>\n<p>&nbsp;<\/p>\n<p>En esta oportunidad <strong>se trabajar\u00e1 sobre las calles Espa\u00f1a y Lamadrid<\/strong>, tras finalizar la primera etapa que comprendi\u00f3 San Mart\u00edn y Belgrano.<\/p>\n<p>&nbsp;<\/p>\n<p><strong>La obra incluye el reemplazo de veredas en su totalidad<\/strong>, sobre una superficie total de <strong>438 metros cuadrados aproximadamente<\/strong>, que permitir\u00e1 mejorar las condiciones de circulaci\u00f3n peatonal y accesibilidad a dicho establecimiento educativo para quienes concurren a diario.<\/p>\n<p>&nbsp;<\/p>\n<p><img data-recalc-dims=\"1\" loading=\"lazy\" decoding=\"async\" class=\"size-full wp-image-59928 aligncenter\" src=\"https:\/\/i0.wp.com\/cdnoticias.com\/wp-content\/uploads\/2022\/07\/veredas-escuela-normal-01.jpg?resize=800%2C445&#038;ssl=1\" alt=\"\" width=\"800\" height=\"445\" srcset=\"https:\/\/i0.wp.com\/cdnoticias.com\/wp-content\/uploads\/2022\/07\/veredas-escuela-normal-01.jpg?w=800&amp;ssl=1 800w, https:\/\/i0.wp.com\/cdnoticias.com\/wp-content\/uploads\/2022\/07\/veredas-escuela-normal-01.jpg?resize=300%2C167&amp;ssl=1 300w, https:\/\/i0.wp.com\/cdnoticias.com\/wp-content\/uploads\/2022\/07\/veredas-escuela-normal-01.jpg?resize=768%2C427&amp;ssl=1 768w\" sizes=\"auto, (max-width: 800px) 100vw, 800px\" \/><\/p>\n<p>&nbsp;<\/p>\n<p>Debido a que el establecimiento cuenta con \u00e1rboles a\u00f1osos, y sus ra\u00edces afectan la infraestructura, como tambi\u00e9n acota los espacios de circulaci\u00f3n peatonal, desde la Secretar\u00eda de Mantenimiento y Obras P\u00fablicas se aclar\u00f3 que <strong>se realizar\u00e1n tareas de poda, extracci\u00f3n y tratamiento de ra\u00edces. Se retirar\u00e1n los \u00e1rboles en mal estado y se plantar\u00e1n nuevas especies<\/strong>.<\/p>\n<p>&nbsp;<\/p>\n<p>Los nuevos solados se materializar\u00e1n mediante contrapiso armado con malla con terminaci\u00f3n antideslizante peinada y con un espesor de 12 cm., dando continuidad al dise\u00f1o realizado.<\/p>\n","protected":false},"excerpt":{"rendered":"<p>Una empresa local ofert\u00f3 5,6 millones de pesos por la obra. Es menor al presupuesto oficial. Los trabajos se extender\u00e1n<\/p>\n","protected":false},"author":4,"featured_media":59927,"comment_status":"closed","ping_status":"closed","sticky":false,"template":"","format":"standard","meta":{"_jetpack_memberships_contains_paid_content":false,"footnotes":""},"categories":[5,1],"tags":[],"class_list":["post-59925","post","type-post","status-publish","format-standard","has-post-thumbnail","hentry","category-informacion-general","category-portada"],"jetpack_featured_media_url":"https:\/\/i0.wp.com\/cdnoticias.com\/wp-content\/uploads\/2022\/07\/veredas-escuela-normal-00.jpg?fit=800%2C445&ssl=1","jetpack_sharing_enabled":true,"_links":{"self":[{"href":"https:\/\/cdnoticias.com\/index.php\/wp-json\/wp\/v2\/posts\/59925","targetHints":{"allow":["GET"]}}],"collection":[{"href":"https:\/\/cdnoticias.com\/index.php\/wp-json\/wp\/v2\/posts"}],"about":[{"href":"https:\/\/cdnoticias.com\/index.php\/wp-json\/wp\/v2\/types\/post"}],"author":[{"embeddable":true,"href":"https:\/\/cdnoticias.com\/index.php\/wp-json\/wp\/v2\/users\/4"}],"replies":[{"embeddable":true,"href":"https:\/\/cdnoticias.com\/index.php\/wp-json\/wp\/v2\/comments?post=59925"}],"version-history":[{"count":0,"href":"https:\/\/cdnoticias.com\/index.php\/wp-json\/wp\/v2\/posts\/59925\/revisions"}],"wp:featuredmedia":[{"embeddable":true,"href":"https:\/\/cdnoticias.com\/index.php\/wp-json\/wp\/v2\/media\/59927"}],"wp:attachment":[{"href":"https:\/\/cdnoticias.com\/index.php\/wp-json\/wp\/v2\/media?parent=59925"}],"wp:term":[{"taxonomy":"category","embeddable":true,"href":"https:\/\/cdnoticias.com\/index.php\/wp-json\/wp\/v2\/categories?post=59925"},{"taxonomy":"post_tag","embeddable":true,"href":"https:\/\/cdnoticias.com\/index.php\/wp-json\/wp\/v2\/tags?post=59925"}],"curies":[{"name":"wp","href":"https:\/\/api.w.org\/{rel}","templated":true}]}}