{"id":59918,"date":"2022-07-13T08:16:33","date_gmt":"2022-07-13T11:16:33","guid":{"rendered":"https:\/\/www.centraldenoticias.com.ar\/?p=59918"},"modified":"2022-07-13T08:17:27","modified_gmt":"2022-07-13T11:17:27","slug":"acto-por-el-dia-nacional-de-francia","status":"publish","type":"post","link":"https:\/\/cdnoticias.com\/index.php\/2022\/07\/13\/acto-por-el-dia-nacional-de-francia\/","title":{"rendered":"Acto por el D\u00eda Nacional de Francia"},"content":{"rendered":"<p>Ser\u00e1 un festejo abierto a la comunidad con entrada gratuita. El jueves desde las 19.30 en la sede de San Mart\u00edn 2645.<!--more--><\/p>\n<hr \/>\n<p>&nbsp;<\/p>\n<p><strong>La Sociedad Francesa de Olavarr\u00eda invit\u00f3 a la comunidad al acto del \u201cD\u00eda Nacional de Francia\u201d<\/strong>, en el cual se conmemora \u201cLa Toma de la Bastilla\u201d en 1789.<\/p>\n<p>&nbsp;<\/p>\n<p>La jornada signific\u00f3 <strong>el principio de la Revoluci\u00f3n que termin\u00f3 con la monarqu\u00eda absoluta<\/strong> y se impusieron los principios de igualdad, fraternidad y libertad; como tambi\u00e9n la Declaraci\u00f3n de los Derechos del Hombre y del Ciudadano.<\/p>\n<p>&nbsp;<\/p>\n<p><img data-recalc-dims=\"1\" loading=\"lazy\" decoding=\"async\" class=\"aligncenter wp-image-59919\" src=\"https:\/\/i0.wp.com\/cdnoticias.com\/wp-content\/uploads\/2022\/07\/acto-del-dia-nacional-de-francia-2022.jpg?resize=450%2C450&#038;ssl=1\" alt=\"\" width=\"450\" height=\"450\" srcset=\"https:\/\/i0.wp.com\/cdnoticias.com\/wp-content\/uploads\/2022\/07\/acto-del-dia-nacional-de-francia-2022.jpg?resize=1024%2C1024&amp;ssl=1 1024w, https:\/\/i0.wp.com\/cdnoticias.com\/wp-content\/uploads\/2022\/07\/acto-del-dia-nacional-de-francia-2022.jpg?resize=300%2C300&amp;ssl=1 300w, https:\/\/i0.wp.com\/cdnoticias.com\/wp-content\/uploads\/2022\/07\/acto-del-dia-nacional-de-francia-2022.jpg?resize=150%2C150&amp;ssl=1 150w, https:\/\/i0.wp.com\/cdnoticias.com\/wp-content\/uploads\/2022\/07\/acto-del-dia-nacional-de-francia-2022.jpg?resize=768%2C768&amp;ssl=1 768w, https:\/\/i0.wp.com\/cdnoticias.com\/wp-content\/uploads\/2022\/07\/acto-del-dia-nacional-de-francia-2022.jpg?w=1080&amp;ssl=1 1080w\" sizes=\"auto, (max-width: 450px) 100vw, 450px\" \/><\/p>\n<p>&nbsp;<\/p>\n<p>El acto se realizar\u00e1 <strong>este jueves 14 de julio en la sede social de San Mart\u00edn 2645 a las 19:30<\/strong>.<\/p>\n<p>&nbsp;<\/p>\n<p><strong>Contar\u00e1 con n\u00fameros musicales<\/strong> con el Conservatorio de M\u00fasica \u201cErnesto Mog\u00e1vero\u201d a cargo del Maestro Diego Lurbe.<\/p>\n<p>&nbsp;<\/p>\n<p><strong>La entrada es libre y gratuita.<\/strong><\/p>\n","protected":false},"excerpt":{"rendered":"<p>Ser\u00e1 un festejo abierto a la comunidad con entrada gratuita. El jueves desde las 19.30 en la sede de San<\/p>\n","protected":false},"author":4,"featured_media":59924,"comment_status":"closed","ping_status":"closed","sticky":false,"template":"","format":"standard","meta":{"_jetpack_memberships_contains_paid_content":false,"footnotes":""},"categories":[9,1],"tags":[],"class_list":["post-59918","post","type-post","status-publish","format-standard","has-post-thumbnail","hentry","category-cultura","category-portada"],"jetpack_featured_media_url":"https:\/\/i0.wp.com\/cdnoticias.com\/wp-content\/uploads\/2022\/07\/acto-del-dia-nacional-de-francia-2022-00.jpg?fit=800%2C445&ssl=1","jetpack_sharing_enabled":true,"_links":{"self":[{"href":"https:\/\/cdnoticias.com\/index.php\/wp-json\/wp\/v2\/posts\/59918","targetHints":{"allow":["GET"]}}],"collection":[{"href":"https:\/\/cdnoticias.com\/index.php\/wp-json\/wp\/v2\/posts"}],"about":[{"href":"https:\/\/cdnoticias.com\/index.php\/wp-json\/wp\/v2\/types\/post"}],"author":[{"embeddable":true,"href":"https:\/\/cdnoticias.com\/index.php\/wp-json\/wp\/v2\/users\/4"}],"replies":[{"embeddable":true,"href":"https:\/\/cdnoticias.com\/index.php\/wp-json\/wp\/v2\/comments?post=59918"}],"version-history":[{"count":0,"href":"https:\/\/cdnoticias.com\/index.php\/wp-json\/wp\/v2\/posts\/59918\/revisions"}],"wp:featuredmedia":[{"embeddable":true,"href":"https:\/\/cdnoticias.com\/index.php\/wp-json\/wp\/v2\/media\/59924"}],"wp:attachment":[{"href":"https:\/\/cdnoticias.com\/index.php\/wp-json\/wp\/v2\/media?parent=59918"}],"wp:term":[{"taxonomy":"category","embeddable":true,"href":"https:\/\/cdnoticias.com\/index.php\/wp-json\/wp\/v2\/categories?post=59918"},{"taxonomy":"post_tag","embeddable":true,"href":"https:\/\/cdnoticias.com\/index.php\/wp-json\/wp\/v2\/tags?post=59918"}],"curies":[{"name":"wp","href":"https:\/\/api.w.org\/{rel}","templated":true}]}}