{"id":59882,"date":"2022-07-12T16:57:40","date_gmt":"2022-07-12T19:57:40","guid":{"rendered":"https:\/\/www.centraldenoticias.com.ar\/?p=59882"},"modified":"2022-07-13T07:53:02","modified_gmt":"2022-07-13T10:53:02","slug":"la-direccion-nacional-de-migraciones-realizara-tramites-gratuitos","status":"publish","type":"post","link":"https:\/\/cdnoticias.com\/index.php\/2022\/07\/12\/la-direccion-nacional-de-migraciones-realizara-tramites-gratuitos\/","title":{"rendered":"La Direcci\u00f3n Nacional de Migraciones realizar\u00e1 tr\u00e1mites gratuitos"},"content":{"rendered":"<p>Se har\u00e1 un nuevo operativo de \u201cEl Estado Cerca Tuyo\u201d. Ser\u00e1 el viernes 15 de julio en el Sal\u00f3n del Club Mariano Moreno. Los detalles. <!--more--><\/p>\n<hr \/>\n<p>&nbsp;<\/p>\n<p>Se realizar\u00e1 un nuevo operativo interministerial y en esta oportunidad, tambi\u00e9n se podr\u00e1n hacer diferentes tr\u00e1mites en la <strong>Direcci\u00f3n Nacional de Migraciones<\/strong> que realizar\u00e1 solicitudes de Residencia y asesoramiento sobre Radicaci\u00f3n, entre otros, &#8220;para garantizar el acceso a los derechos de toda la comunidad migrante&#8221;.<\/p>\n<p>&nbsp;<\/p>\n<p>La Direcci\u00f3n Nacional de Migraciones<strong> realizar\u00e1 tr\u00e1mites gratuitos el viernes 15 de julio<\/strong> <b>de 10:00 a 14:00 en el Sal\u00f3n del Club Mariano Moreno. A<\/b>l mismo tiempo se llevar\u00e1 adelante un operativo interministerial del \u201c<strong>Estado Cerca de Tuyo<\/strong>\u201d donde estar\u00e1n presentes organismos nacionales y provinciales.<\/p>\n<p>&nbsp;<\/p>\n<p>En ese sentido, desde la Direcci\u00f3n Nacional de Migraciones se realizar\u00e1 un abordaje territorial donde todas las personas que se acerquen podr\u00e1n realizar gratuitamente tr\u00e1mites de radicaciones, iniciar cambios de categor\u00eda (Temporaria a Permanente), emitir y renovar certificados de Residencia Precarias, resolver solicitudes de residencias y consulta de estado de tr\u00e1mites de Radicaci\u00f3n ya iniciados.<\/p>\n<p>&nbsp;<\/p>\n<p><img data-recalc-dims=\"1\" loading=\"lazy\" decoding=\"async\" class=\"aligncenter wp-image-59883\" src=\"https:\/\/i0.wp.com\/cdnoticias.com\/wp-content\/uploads\/2022\/07\/WhatsApp-Image-2022-07-11-at-6.11.03-PM-1024x1024.jpeg?resize=600%2C600&#038;ssl=1\" alt=\"\" width=\"600\" height=\"600\" \/><\/p>\n<p>&nbsp;<\/p>\n<p>Asimismo, de la jornada participar\u00e1n representantes de las oficinas locales de ANSES, Centro de Acceso a la Justicia, Desarrollo Social de Naci\u00f3n, Ministerio de Trabajo de la provincia de Buenos Aires, Hospital Oncol\u00f3gico y Regi\u00f3n Sanitaria IX.<\/p>\n<p>&nbsp;<\/p>\n<p>Desde ese lugar, organismos nacionales y provinciales<strong> brindar\u00e1n vacunaci\u00f3n contra el COVID 1\u00b0, 2\u00b0, 3\u00b0 y 4\u00b0 dosis, asesoramiento legal, promoci\u00f3n de la Salud sexual y reproductiva, turnos para PAP, acompa\u00f1amiento\u00a0<\/strong><b>psicosocial<\/b>\u00a0y se atender\u00e1n consultas sobre cada dependencia.<\/p>\n<p>&nbsp;<\/p>\n<p>Cabe remarcar que<strong> no se realizar\u00e1n tr\u00e1mites de DNI<\/strong> y que se atender\u00e1 por orden de llegada sin turno previo.<\/p>\n","protected":false},"excerpt":{"rendered":"<p>Se har\u00e1 un nuevo operativo de \u201cEl Estado Cerca Tuyo\u201d. Ser\u00e1 el viernes 15 de julio en el Sal\u00f3n del<\/p>\n","protected":false},"author":6,"featured_media":25638,"comment_status":"closed","ping_status":"closed","sticky":false,"template":"","format":"standard","meta":{"_jetpack_memberships_contains_paid_content":false,"footnotes":""},"categories":[5,1],"tags":[],"class_list":["post-59882","post","type-post","status-publish","format-standard","has-post-thumbnail","hentry","category-informacion-general","category-portada"],"jetpack_featured_media_url":"https:\/\/i0.wp.com\/cdnoticias.com\/wp-content\/uploads\/2021\/07\/el-estado-cerca-espigas-recalde-2.jpeg?fit=1040%2C780&ssl=1","jetpack_sharing_enabled":true,"_links":{"self":[{"href":"https:\/\/cdnoticias.com\/index.php\/wp-json\/wp\/v2\/posts\/59882","targetHints":{"allow":["GET"]}}],"collection":[{"href":"https:\/\/cdnoticias.com\/index.php\/wp-json\/wp\/v2\/posts"}],"about":[{"href":"https:\/\/cdnoticias.com\/index.php\/wp-json\/wp\/v2\/types\/post"}],"author":[{"embeddable":true,"href":"https:\/\/cdnoticias.com\/index.php\/wp-json\/wp\/v2\/users\/6"}],"replies":[{"embeddable":true,"href":"https:\/\/cdnoticias.com\/index.php\/wp-json\/wp\/v2\/comments?post=59882"}],"version-history":[{"count":0,"href":"https:\/\/cdnoticias.com\/index.php\/wp-json\/wp\/v2\/posts\/59882\/revisions"}],"wp:featuredmedia":[{"embeddable":true,"href":"https:\/\/cdnoticias.com\/index.php\/wp-json\/wp\/v2\/media\/25638"}],"wp:attachment":[{"href":"https:\/\/cdnoticias.com\/index.php\/wp-json\/wp\/v2\/media?parent=59882"}],"wp:term":[{"taxonomy":"category","embeddable":true,"href":"https:\/\/cdnoticias.com\/index.php\/wp-json\/wp\/v2\/categories?post=59882"},{"taxonomy":"post_tag","embeddable":true,"href":"https:\/\/cdnoticias.com\/index.php\/wp-json\/wp\/v2\/tags?post=59882"}],"curies":[{"name":"wp","href":"https:\/\/api.w.org\/{rel}","templated":true}]}}