{"id":59875,"date":"2022-07-11T19:23:52","date_gmt":"2022-07-11T22:23:52","guid":{"rendered":"https:\/\/www.centraldenoticias.com.ar\/?p=59875"},"modified":"2022-07-11T20:31:37","modified_gmt":"2022-07-11T23:31:37","slug":"mte-rural-en-el-grupo-estamos-motivados-y-muy-contentos-con-este-nuevo-proyecto","status":"publish","type":"post","link":"https:\/\/cdnoticias.com\/index.php\/2022\/07\/11\/mte-rural-en-el-grupo-estamos-motivados-y-muy-contentos-con-este-nuevo-proyecto\/","title":{"rendered":"MTE Rural : &#8220;en el grupo estamos motivados y muy contentos con este nuevo proyecto&#8221;"},"content":{"rendered":"<p>As\u00ed lo expres\u00f3 Enrique Hohl, referente del MTE Rural luego de que recibieron un terreno destinado para el impulso de la agroecolog\u00eda en la ciudad. <!--more--><\/p>\n<hr \/>\n<p>Este pasado viernes, <strong>productores nucleados en el MTE Rural y\u00a0socios de la cooperativa Madre Tierra<\/strong> <strong>recibieron en comodato un terreno<\/strong>\u00a0que fue puesto a disposici\u00f3n por una persona que sigue la organizaci\u00f3n y es consumidora de los productos, de la feria y de las actividades que propone el movimiento.<\/p>\n<p>&nbsp;<\/p>\n<p><em>Central de Noticias<\/em> dialog\u00f3 con <strong>Enrique Hohl, referente del MTE Rural<\/strong> quien explic\u00f3 que el comodato <strong>&#8220;ser\u00e1 por 5 a\u00f1os para que nosotros hagamos un proyecto educativo y productivo vinculado a lo agroecolog\u00eda&#8221;.\u00a0<\/strong><\/p>\n<p>&nbsp;<\/p>\n<p>En relaci\u00f3n a dicho proyecto educativo, Hohl cont\u00f3 que &#8220;<strong>se har\u00e1 una sede de la Escuela Nacional de Agroecolog\u00eda<\/strong> (ENA) y dar\u00e1n<strong>\u00a0talleres mensuales o trimestrales<\/strong> sobre distintas t\u00e9cnicas o distintas partes de la agroecolog\u00eda&#8221;.<\/p>\n<p>&nbsp;<\/p>\n<p>Adem\u00e1s, se construir\u00e1 la<strong> Primera Bio F\u00e1brica<\/strong> en la ciudad: &#8220;dentro de la <strong>agroecolog\u00eda<\/strong> hay unos preparados muy importantes que se llaman <strong>bio-insumos de origen natural<\/strong> que se realizan combinando distintas plantas o elementos que no son dif\u00edciles de conseguir. <strong>Hacemos estos productos naturales para reemplazar los qu\u00edmicos que actualmente se usan en lo que es la agricultura tradicional. <\/strong>En t\u00e9rminos de trabajo los vamos a producir ah\u00ed para el consumo de los mismos compa\u00f1eros del movimiento&#8221; explic\u00f3 el referente del MTE.<\/p>\n<p>&nbsp;<\/p>\n<p>Entre los <strong>bio-insumos<\/strong> se pueden encontrar <strong>fertilizantes, repelentes y estimulantes<\/strong>, los cuales <strong>reemplazar\u00edan a los agroqu\u00edmicos<\/strong>, como por ejemplo <strong>fosfatos e insecticidas<\/strong>. &#8220;Estos \u00faltimos <strong>producen efectos nocivos en el ambiente y en la salud de productores y consumidores<\/strong>, adem\u00e1s aumentan los costos de producci\u00f3n ya que est\u00e1n dolarizados&#8221; indicaron desde el MTE Rural.<\/p>\n<p>&nbsp;<\/p>\n<p>Sobre el proyecto a futuro Hohl cont\u00f3 que &#8220;tenemos que hacer algunas modificaciones en el terrero como la nivelaci\u00f3n y el pozo de agua.<strong> Nosotros calculamos que en agosto o septiembre estamos iniciando la obra.<\/strong> Como todav\u00eda no tenemos garantizada la financiaci\u00f3n del proyecto, por el momento vamos a ir despacio. La idea es el a\u00f1o que viene comenzar ya con las producciones de los primeros insumos&#8221;.<\/p>\n<p>&nbsp;<\/p>\n<p><strong>&#8220;Queremos interpelar a la sociedad en su conjunto, a las personas, al Municipio y a cualquier instituci\u00f3n a colaborar con el proyecto.<\/strong> Ver c\u00f3mo podemos conseguir la financiaci\u00f3n o los materiales que se necesitan y avanzar lo m\u00e1s r\u00e1pido posible. Nos alegra un mont\u00f3n porque la mayor\u00eda de nuestros compa\u00f1eros y compa\u00f1eras la tierra la alquilan y se hace muy dif\u00edcil producir. <strong>En el grupo estamos motivados y muy contentos con este nuevo proyecto<\/strong> porque tambi\u00e9n sirve para reducir los costos que tenemos a la hora de producir y porque ser\u00e1 un espacio educativo para interactuar con la sociedad sobre el modelo productivo&#8221; cerr\u00f3 Hohl.<\/p>\n","protected":false},"excerpt":{"rendered":"<p>As\u00ed lo expres\u00f3 Enrique Hohl, referente del MTE Rural luego de que recibieron un terreno destinado para el impulso de<\/p>\n","protected":false},"author":6,"featured_media":59876,"comment_status":"closed","ping_status":"closed","sticky":false,"template":"","format":"standard","meta":{"_jetpack_memberships_contains_paid_content":false,"footnotes":""},"categories":[5,1],"tags":[],"class_list":["post-59875","post","type-post","status-publish","format-standard","has-post-thumbnail","hentry","category-informacion-general","category-portada"],"jetpack_featured_media_url":"https:\/\/i0.wp.com\/cdnoticias.com\/wp-content\/uploads\/2022\/07\/IMG-20220508-WA0007.jpg?fit=1156%2C650&ssl=1","jetpack_sharing_enabled":true,"_links":{"self":[{"href":"https:\/\/cdnoticias.com\/index.php\/wp-json\/wp\/v2\/posts\/59875","targetHints":{"allow":["GET"]}}],"collection":[{"href":"https:\/\/cdnoticias.com\/index.php\/wp-json\/wp\/v2\/posts"}],"about":[{"href":"https:\/\/cdnoticias.com\/index.php\/wp-json\/wp\/v2\/types\/post"}],"author":[{"embeddable":true,"href":"https:\/\/cdnoticias.com\/index.php\/wp-json\/wp\/v2\/users\/6"}],"replies":[{"embeddable":true,"href":"https:\/\/cdnoticias.com\/index.php\/wp-json\/wp\/v2\/comments?post=59875"}],"version-history":[{"count":0,"href":"https:\/\/cdnoticias.com\/index.php\/wp-json\/wp\/v2\/posts\/59875\/revisions"}],"wp:featuredmedia":[{"embeddable":true,"href":"https:\/\/cdnoticias.com\/index.php\/wp-json\/wp\/v2\/media\/59876"}],"wp:attachment":[{"href":"https:\/\/cdnoticias.com\/index.php\/wp-json\/wp\/v2\/media?parent=59875"}],"wp:term":[{"taxonomy":"category","embeddable":true,"href":"https:\/\/cdnoticias.com\/index.php\/wp-json\/wp\/v2\/categories?post=59875"},{"taxonomy":"post_tag","embeddable":true,"href":"https:\/\/cdnoticias.com\/index.php\/wp-json\/wp\/v2\/tags?post=59875"}],"curies":[{"name":"wp","href":"https:\/\/api.w.org\/{rel}","templated":true}]}}