{"id":59868,"date":"2022-07-12T16:09:13","date_gmt":"2022-07-12T19:09:13","guid":{"rendered":"https:\/\/www.centraldenoticias.com.ar\/?p=59868"},"modified":"2022-07-12T16:10:56","modified_gmt":"2022-07-12T19:10:56","slug":"facultad-de-ingenieria-encuentro-familiar-de-orientacion-vocacional","status":"publish","type":"post","link":"https:\/\/cdnoticias.com\/index.php\/2022\/07\/12\/facultad-de-ingenieria-encuentro-familiar-de-orientacion-vocacional\/","title":{"rendered":"Facultad de Ingenier\u00eda: encuentro familiar de orientaci\u00f3n vocacional"},"content":{"rendered":"<p>Ser\u00e1 el jueves 14 de julio a las 19:30. La actividad es abierta a todo p\u00fablico. <!--more--><\/p>\n<hr \/>\n<p>&nbsp;<\/p>\n<p>Este <strong>jueves 14 de julio a las 19:30<\/strong> el servicio de <strong>Orientaci\u00f3n Vocacional Ocupacional de la Facultad de Ingenier\u00eda de la UNICEN,<\/strong> realizar\u00e1 una charla para familiares de <strong>j\u00f3venes que egresan este a\u00f1o del nivel secundario. <\/strong><\/p>\n<p>&nbsp;<\/p>\n<p>La jornada ser\u00e1 en el Auditorio de la instituci\u00f3n ubicada en <strong>Del Valle 5737<\/strong> y es abierta a todo p\u00fablico. &#8220;Apunta a intercambiar percepciones y reflexionar junto a las familias el momento que atraviesan acompa\u00f1ando el egreso de la escuela secundaria&#8221; se indic\u00f3.<\/p>\n<p>&nbsp;<\/p>\n<p><img data-recalc-dims=\"1\" loading=\"lazy\" decoding=\"async\" class=\"aligncenter wp-image-59869 size-large\" src=\"https:\/\/i0.wp.com\/cdnoticias.com\/wp-content\/uploads\/2022\/07\/OrientacionV.jpeg?resize=800%2C800&#038;ssl=1\" alt=\"\" width=\"800\" height=\"800\" srcset=\"https:\/\/i0.wp.com\/cdnoticias.com\/wp-content\/uploads\/2022\/07\/OrientacionV.jpeg?resize=1024%2C1024&amp;ssl=1 1024w, https:\/\/i0.wp.com\/cdnoticias.com\/wp-content\/uploads\/2022\/07\/OrientacionV.jpeg?resize=300%2C300&amp;ssl=1 300w, https:\/\/i0.wp.com\/cdnoticias.com\/wp-content\/uploads\/2022\/07\/OrientacionV.jpeg?resize=150%2C150&amp;ssl=1 150w, https:\/\/i0.wp.com\/cdnoticias.com\/wp-content\/uploads\/2022\/07\/OrientacionV.jpeg?resize=768%2C768&amp;ssl=1 768w, https:\/\/i0.wp.com\/cdnoticias.com\/wp-content\/uploads\/2022\/07\/OrientacionV.jpeg?w=1080&amp;ssl=1 1080w\" sizes=\"auto, (max-width: 800px) 100vw, 800px\" \/><\/p>\n<p>&nbsp;<\/p>\n<p>Para asistir<strong> no es necesario que los y las estudiantes hayan participado de los talleres gratuitos<\/strong> que la instituci\u00f3n ofrece a j\u00f3venes para proyectar su futuro laboral y\/o vocacional.<\/p>\n<p>&nbsp;<\/p>\n<p>Por consultas o m\u00e1s informaci\u00f3n escribir a vocacion@fio.unicen.edu.ar, o en las redes sociales de \u201cFio Dpto de Orientaci\u00f3n\u201d.<\/p>\n","protected":false},"excerpt":{"rendered":"<p>Ser\u00e1 el jueves 14 de julio a las 19:30. La actividad es abierta a todo p\u00fablico.<\/p>\n","protected":false},"author":6,"featured_media":26577,"comment_status":"closed","ping_status":"closed","sticky":false,"template":"","format":"standard","meta":{"_jetpack_memberships_contains_paid_content":false,"footnotes":""},"categories":[5,1],"tags":[],"class_list":["post-59868","post","type-post","status-publish","format-standard","has-post-thumbnail","hentry","category-informacion-general","category-portada"],"jetpack_featured_media_url":"https:\/\/i0.wp.com\/cdnoticias.com\/wp-content\/uploads\/2021\/07\/FIO-ingenieria-unicen.jpg?fit=898%2C500&ssl=1","jetpack_sharing_enabled":true,"_links":{"self":[{"href":"https:\/\/cdnoticias.com\/index.php\/wp-json\/wp\/v2\/posts\/59868","targetHints":{"allow":["GET"]}}],"collection":[{"href":"https:\/\/cdnoticias.com\/index.php\/wp-json\/wp\/v2\/posts"}],"about":[{"href":"https:\/\/cdnoticias.com\/index.php\/wp-json\/wp\/v2\/types\/post"}],"author":[{"embeddable":true,"href":"https:\/\/cdnoticias.com\/index.php\/wp-json\/wp\/v2\/users\/6"}],"replies":[{"embeddable":true,"href":"https:\/\/cdnoticias.com\/index.php\/wp-json\/wp\/v2\/comments?post=59868"}],"version-history":[{"count":0,"href":"https:\/\/cdnoticias.com\/index.php\/wp-json\/wp\/v2\/posts\/59868\/revisions"}],"wp:featuredmedia":[{"embeddable":true,"href":"https:\/\/cdnoticias.com\/index.php\/wp-json\/wp\/v2\/media\/26577"}],"wp:attachment":[{"href":"https:\/\/cdnoticias.com\/index.php\/wp-json\/wp\/v2\/media?parent=59868"}],"wp:term":[{"taxonomy":"category","embeddable":true,"href":"https:\/\/cdnoticias.com\/index.php\/wp-json\/wp\/v2\/categories?post=59868"},{"taxonomy":"post_tag","embeddable":true,"href":"https:\/\/cdnoticias.com\/index.php\/wp-json\/wp\/v2\/tags?post=59868"}],"curies":[{"name":"wp","href":"https:\/\/api.w.org\/{rel}","templated":true}]}}