{"id":59861,"date":"2022-07-11T16:22:49","date_gmt":"2022-07-11T19:22:49","guid":{"rendered":"https:\/\/www.centraldenoticias.com.ar\/?p=59861"},"modified":"2022-07-11T16:22:49","modified_gmt":"2022-07-11T19:22:49","slug":"elsa-teresa-sebey-pereyra-viuda-de-vedelini-chela-q-e-p-d","status":"publish","type":"post","link":"https:\/\/cdnoticias.com\/index.php\/2022\/07\/11\/elsa-teresa-sebey-pereyra-viuda-de-vedelini-chela-q-e-p-d\/","title":{"rendered":"Elsa Teresa Sebey Pereyra viuda de Vedelini &#8221;Chela&#8221; (Q.E.P.D.)"},"content":{"rendered":"<p>Falleci\u00f3 en Hinojo el 11 de julio de 2022 a los 85 a\u00f1os. Sus hijos Jos\u00e9 Luis y Marcos Gabriel; sus nietos Nicol\u00e1s, Jonathan, Alejandro, Franco, Junior, Federico y Lautaro; su bisnieto Francisco; sus hijas pol\u00edticas Ver\u00f3nica y Cecilia; su hermano pol\u00edtico &#8221;Padre&#8221; Antonio y dem\u00e1s deudos participan su fallecimiento.<\/p>\n<p>&nbsp;<\/p>\n<p>Sus restos ser\u00e1n velados en la sala velatoria de Hinojo, este martes desde las 06:30 e inhumados en el Cementerio Municipal de la localidad a las 12:30, previo responso en la Capilla Ardiente. Servicio adherido a Coopelectric.<\/p>\n<p>&nbsp;<\/p>\n<p>Nacida en Coronel Su\u00e1rez, vecina de Hinojo, jubilada y pensionada.<\/p>\n","protected":false},"excerpt":{"rendered":"<p>Falleci\u00f3 en Hinojo el 11 de julio de 2022 a los 85 a\u00f1os. Sus hijos Jos\u00e9 Luis y Marcos Gabriel;<\/p>\n","protected":false},"author":2,"featured_media":51544,"comment_status":"closed","ping_status":"closed","sticky":false,"template":"","format":"standard","meta":{"_jetpack_memberships_contains_paid_content":false,"footnotes":""},"categories":[10],"tags":[],"class_list":["post-59861","post","type-post","status-publish","format-standard","has-post-thumbnail","hentry","category-necrologicas"],"jetpack_featured_media_url":"https:\/\/i0.wp.com\/cdnoticias.com\/wp-content\/uploads\/2022\/04\/necrologicas-390-x-240.jpg?fit=390%2C240&ssl=1","jetpack_sharing_enabled":true,"_links":{"self":[{"href":"https:\/\/cdnoticias.com\/index.php\/wp-json\/wp\/v2\/posts\/59861","targetHints":{"allow":["GET"]}}],"collection":[{"href":"https:\/\/cdnoticias.com\/index.php\/wp-json\/wp\/v2\/posts"}],"about":[{"href":"https:\/\/cdnoticias.com\/index.php\/wp-json\/wp\/v2\/types\/post"}],"author":[{"embeddable":true,"href":"https:\/\/cdnoticias.com\/index.php\/wp-json\/wp\/v2\/users\/2"}],"replies":[{"embeddable":true,"href":"https:\/\/cdnoticias.com\/index.php\/wp-json\/wp\/v2\/comments?post=59861"}],"version-history":[{"count":0,"href":"https:\/\/cdnoticias.com\/index.php\/wp-json\/wp\/v2\/posts\/59861\/revisions"}],"wp:featuredmedia":[{"embeddable":true,"href":"https:\/\/cdnoticias.com\/index.php\/wp-json\/wp\/v2\/media\/51544"}],"wp:attachment":[{"href":"https:\/\/cdnoticias.com\/index.php\/wp-json\/wp\/v2\/media?parent=59861"}],"wp:term":[{"taxonomy":"category","embeddable":true,"href":"https:\/\/cdnoticias.com\/index.php\/wp-json\/wp\/v2\/categories?post=59861"},{"taxonomy":"post_tag","embeddable":true,"href":"https:\/\/cdnoticias.com\/index.php\/wp-json\/wp\/v2\/tags?post=59861"}],"curies":[{"name":"wp","href":"https:\/\/api.w.org\/{rel}","templated":true}]}}