{"id":5985,"date":"2020-11-09T08:53:38","date_gmt":"2020-11-09T11:53:38","guid":{"rendered":"http:\/\/www.centraldenoticias.com.ar\/?p=5985"},"modified":"2020-11-09T08:53:38","modified_gmt":"2020-11-09T11:53:38","slug":"se-reanudan-los-testeos-masivos-en-el-territorial-n-1","status":"publish","type":"post","link":"https:\/\/cdnoticias.com\/index.php\/2020\/11\/09\/se-reanudan-los-testeos-masivos-en-el-territorial-n-1\/","title":{"rendered":"Se reanudan los testeos masivos en el Territorial N\u00b0 1"},"content":{"rendered":"<p>Ser\u00e1 desde las 9 en el espacio ubicado en Fassina y Alberdi. Tras el fin de semana, la tercera etapa del Programa Rastrear \u2013 Testear \u2013 Aislar continuar\u00e1 hasta el viernes.<!--more--><\/p>\n<hr \/>\n<p>Desde las 9 de la ma\u00f1ana de este lunes,<strong> se reanudar\u00e1 el programa de testeos masivos impulsados por el Municipio. En esta ocasi\u00f3n, se realizar\u00e1 en el Servicio Territorial N\u00b0 1, ubicado en Fassina y Alberdi.<\/strong><\/p>\n<p>&nbsp;<\/p>\n<blockquote><p>Tal como se aclar\u00f3 desde el inicio del programa, se realizar\u00e1n hisopados a personas que presenten al menos un s\u00edntoma compatible con COVID-19: tos, falta de olfato, falta de gusto, m\u00e1s de 37.5\u00ba de fiebre, dolor de garganta, falta de aire o m\u00e1s de 48 horas con diarrea.<\/p><\/blockquote>\n<p>&nbsp;<\/p>\n<p>A todo paciente con s\u00edntomas compatibles<strong> se le indicar\u00e1 el aislamiento junto con sus contactos estrechos hasta el resultado del test, que se confirmar\u00e1 horas despu\u00e9s de realizado el hisopado.<\/strong><\/p>\n<p>&nbsp;<\/p>\n<p><strong>El cronograma de esta semana, en tanto, ser\u00e1 el siguiente:<\/strong><\/p>\n<p>&nbsp;<\/p>\n<p><strong>Martes 10 de noviembre<\/strong><\/p>\n<p>&nbsp;<\/p>\n<p>Servicio Territorial Municipal N\u00b04 (Rufino Fal y Berutti) en el horario de 9 a 10 horas.<\/p>\n<p>&nbsp;<\/p>\n<p><strong>Mi\u00e9rcoles 11 de noviembre<\/strong><\/p>\n<p>&nbsp;<\/p>\n<p>Hinojo (Cancha de b\u00e1squet del Club Hinojo) en el horario de 9 a 10 horas.<\/p>\n<p>&nbsp;<\/p>\n<p><strong>Jueves 12 de noviembre<\/strong><\/p>\n<p>&nbsp;<\/p>\n<p>Loma Negra (Club Loma Negra) en el horario de 9 a 10 horas.<\/p>\n<p>&nbsp;<\/p>\n<p><strong>Viernes 13 de noviembre<\/strong><\/p>\n<p>&nbsp;<\/p>\n<p>Sierras Bayas (Hospital) en el horario de 9 a 10 horas.<\/p>\n","protected":false},"excerpt":{"rendered":"<p>Ser\u00e1 desde las 9 en el espacio ubicado en Fassina y Alberdi. Tras el fin de semana, la tercera etapa<\/p>\n","protected":false},"author":2,"featured_media":4552,"comment_status":"closed","ping_status":"closed","sticky":false,"template":"","format":"standard","meta":{"_jetpack_memberships_contains_paid_content":false,"footnotes":""},"categories":[5,1],"tags":[],"class_list":["post-5985","post","type-post","status-publish","format-standard","has-post-thumbnail","hentry","category-informacion-general","category-portada"],"jetpack_featured_media_url":"https:\/\/i0.wp.com\/cdnoticias.com\/wp-content\/uploads\/2020\/10\/Salud-Testeos-Intensivos-T6-CIC-3.jpg?fit=1181%2C787&ssl=1","jetpack_sharing_enabled":true,"_links":{"self":[{"href":"https:\/\/cdnoticias.com\/index.php\/wp-json\/wp\/v2\/posts\/5985","targetHints":{"allow":["GET"]}}],"collection":[{"href":"https:\/\/cdnoticias.com\/index.php\/wp-json\/wp\/v2\/posts"}],"about":[{"href":"https:\/\/cdnoticias.com\/index.php\/wp-json\/wp\/v2\/types\/post"}],"author":[{"embeddable":true,"href":"https:\/\/cdnoticias.com\/index.php\/wp-json\/wp\/v2\/users\/2"}],"replies":[{"embeddable":true,"href":"https:\/\/cdnoticias.com\/index.php\/wp-json\/wp\/v2\/comments?post=5985"}],"version-history":[{"count":0,"href":"https:\/\/cdnoticias.com\/index.php\/wp-json\/wp\/v2\/posts\/5985\/revisions"}],"wp:featuredmedia":[{"embeddable":true,"href":"https:\/\/cdnoticias.com\/index.php\/wp-json\/wp\/v2\/media\/4552"}],"wp:attachment":[{"href":"https:\/\/cdnoticias.com\/index.php\/wp-json\/wp\/v2\/media?parent=5985"}],"wp:term":[{"taxonomy":"category","embeddable":true,"href":"https:\/\/cdnoticias.com\/index.php\/wp-json\/wp\/v2\/categories?post=5985"},{"taxonomy":"post_tag","embeddable":true,"href":"https:\/\/cdnoticias.com\/index.php\/wp-json\/wp\/v2\/tags?post=5985"}],"curies":[{"name":"wp","href":"https:\/\/api.w.org\/{rel}","templated":true}]}}