{"id":59835,"date":"2022-07-11T12:33:31","date_gmt":"2022-07-11T15:33:31","guid":{"rendered":"https:\/\/www.centraldenoticias.com.ar\/?p=59835"},"modified":"2022-07-11T13:41:20","modified_gmt":"2022-07-11T16:41:20","slug":"aprehendido-por-robar-articulos-de-un-hipermercado","status":"publish","type":"post","link":"https:\/\/cdnoticias.com\/index.php\/2022\/07\/11\/aprehendido-por-robar-articulos-de-un-hipermercado\/","title":{"rendered":"Aprehendido por robar art\u00edculos de un hipermercado"},"content":{"rendered":"<p>Hab\u00eda sustra\u00eddo ropa y golosinas. Fue trasladado a la Fiscal\u00eda donde se realiz\u00f3 la audiencia de declaraci\u00f3n y luego qued\u00f3 en libertad. Est\u00e1 imputado por \u201churto in fraganti\u201d.<!--more--><\/p>\n<hr \/>\n<p><strong>Un hombre de 30 a\u00f1os fue aprehendido acusado de robar ropas y golosinas<\/strong> de un hipermercado.<\/p>\n<p>&nbsp;<\/p>\n<p>Tras un llamado al 911, intervino <strong>personal del Comando de Patrullas de Olavarr\u00eda con colaboraci\u00f3n de la Comisar\u00eda Primera<\/strong> en la planta comercial de calle <strong>Rivadavia y Juan XXIII<\/strong>.<\/p>\n<p>&nbsp;<\/p>\n<p><strong>All\u00ed fue aprehendido el acusado y entre sus prendas llevaba los art\u00edculos robados<\/strong>, con lo cual se recuper\u00f3 lo sustra\u00eddo.<\/p>\n<p>&nbsp;<\/p>\n<p>El hombre fue trasladado a la sede de la seccional Primera donde qued\u00f3 alojado inicialmente. Fue imputado por <strong>\u201churto in fraganti\u201d<\/strong>.<\/p>\n<p>&nbsp;<\/p>\n<p><strong>Central de Noticias<\/strong> pudo confirmar que el acusado <strong>fue trasladado a la sede del Poder Judicial donde fue indagado por el fiscal Christian Url\u00e9zaga de la UFI N\u00ba 7<\/strong> y, tras la audiencia en los t\u00e9rminos del art\u00edculo 308, qued\u00f3 en libertad.<\/p>\n","protected":false},"excerpt":{"rendered":"<p>Hab\u00eda sustra\u00eddo ropa y golosinas. Fue trasladado a la Fiscal\u00eda donde se realiz\u00f3 la audiencia de declaraci\u00f3n y luego qued\u00f3<\/p>\n","protected":false},"author":4,"featured_media":59836,"comment_status":"closed","ping_status":"closed","sticky":false,"template":"","format":"standard","meta":{"_jetpack_memberships_contains_paid_content":false,"footnotes":""},"categories":[14,1],"tags":[],"class_list":["post-59835","post","type-post","status-publish","format-standard","has-post-thumbnail","hentry","category-policiales","category-portada"],"jetpack_featured_media_url":"https:\/\/i0.wp.com\/cdnoticias.com\/wp-content\/uploads\/2022\/07\/hurto-chango-mas-00.jpeg?fit=1225%2C682&ssl=1","jetpack_sharing_enabled":true,"_links":{"self":[{"href":"https:\/\/cdnoticias.com\/index.php\/wp-json\/wp\/v2\/posts\/59835","targetHints":{"allow":["GET"]}}],"collection":[{"href":"https:\/\/cdnoticias.com\/index.php\/wp-json\/wp\/v2\/posts"}],"about":[{"href":"https:\/\/cdnoticias.com\/index.php\/wp-json\/wp\/v2\/types\/post"}],"author":[{"embeddable":true,"href":"https:\/\/cdnoticias.com\/index.php\/wp-json\/wp\/v2\/users\/4"}],"replies":[{"embeddable":true,"href":"https:\/\/cdnoticias.com\/index.php\/wp-json\/wp\/v2\/comments?post=59835"}],"version-history":[{"count":0,"href":"https:\/\/cdnoticias.com\/index.php\/wp-json\/wp\/v2\/posts\/59835\/revisions"}],"wp:featuredmedia":[{"embeddable":true,"href":"https:\/\/cdnoticias.com\/index.php\/wp-json\/wp\/v2\/media\/59836"}],"wp:attachment":[{"href":"https:\/\/cdnoticias.com\/index.php\/wp-json\/wp\/v2\/media?parent=59835"}],"wp:term":[{"taxonomy":"category","embeddable":true,"href":"https:\/\/cdnoticias.com\/index.php\/wp-json\/wp\/v2\/categories?post=59835"},{"taxonomy":"post_tag","embeddable":true,"href":"https:\/\/cdnoticias.com\/index.php\/wp-json\/wp\/v2\/tags?post=59835"}],"curies":[{"name":"wp","href":"https:\/\/api.w.org\/{rel}","templated":true}]}}