{"id":59803,"date":"2022-07-11T17:10:07","date_gmt":"2022-07-11T20:10:07","guid":{"rendered":"https:\/\/www.centraldenoticias.com.ar\/?p=59803"},"modified":"2022-07-11T17:10:07","modified_gmt":"2022-07-11T20:10:07","slug":"ley-micaela-capacitacion-para-concejales","status":"publish","type":"post","link":"https:\/\/cdnoticias.com\/index.php\/2022\/07\/11\/ley-micaela-capacitacion-para-concejales\/","title":{"rendered":"Ley Micaela: capacitaci\u00f3n para concejales"},"content":{"rendered":"<p>Desde el Concejo Deliberante se inform\u00f3 que todos los concejales participaron de la capacitaci\u00f3n que brind\u00f3 la Direcci\u00f3n de Pol\u00edticas de G\u00e9nero.<!--more--><\/p>\n<hr \/>\n<p>Tal como estaba previsto, <strong>en el Concejo Deliberante comenzaron las capacitaciones obligatorias en el marco de la Ley Micaela<\/strong>. Este viernes, desde la Direcci\u00f3n de Pol\u00edticas de G\u00e9nero de se dict\u00f3 el curso para los 20 concejales de Olavarr\u00eda.<\/p>\n<p>&nbsp;<\/p>\n<blockquote><p>La presidenta del HCD, Cecilia Krivochen, expres\u00f3 que en la jornada \u201cse analizaron herramientas para continuar incluyendo perspectiva de g\u00e9nero en la legislaci\u00f3n local\u201d.<\/p><\/blockquote>\n<p>&nbsp;<\/p>\n<p><img data-recalc-dims=\"1\" loading=\"lazy\" decoding=\"async\" class=\"size-full wp-image-59807 aligncenter\" src=\"https:\/\/i0.wp.com\/cdnoticias.com\/wp-content\/uploads\/2022\/07\/HCD-ley-micaela-02.jpg?resize=800%2C446&#038;ssl=1\" alt=\"\" width=\"800\" height=\"446\" srcset=\"https:\/\/i0.wp.com\/cdnoticias.com\/wp-content\/uploads\/2022\/07\/HCD-ley-micaela-02.jpg?w=800&amp;ssl=1 800w, https:\/\/i0.wp.com\/cdnoticias.com\/wp-content\/uploads\/2022\/07\/HCD-ley-micaela-02.jpg?resize=300%2C167&amp;ssl=1 300w, https:\/\/i0.wp.com\/cdnoticias.com\/wp-content\/uploads\/2022\/07\/HCD-ley-micaela-02.jpg?resize=768%2C428&amp;ssl=1 768w\" sizes=\"auto, (max-width: 800px) 100vw, 800px\" \/><\/p>\n<p>&nbsp;<\/p>\n<p>Adem\u00e1s, destac\u00f3 que <em>\u201cpara muchos de los integrantes del HCD, ser\u00e1 una continuidad con el trabajo realizado en a\u00f1os anteriores, aunque para otros significar\u00e1 un primer acercamiento a este tema tan importante para la vida legislativa\u201d<\/em>.<\/p>\n<p>&nbsp;<\/p>\n<p><a href=\"https:\/\/cdnoticias.com\/index.php\/2022\/06\/22\/ley-micaela-a-partir-de-julio-habra-capacitaciones-obligatorias-en-el-concejo-deliberante\/\" target=\"_blank\" rel=\"noopener\">El mes pasado se hab\u00eda previsto la realizaci\u00f3n de estos encuentros<\/a>, lo cual se defini\u00f3 a partir de <strong>una charla entre la presidenta Krivochen y la titular de la Direcci\u00f3n de Pol\u00edticas de G\u00e9nero, Florencia Caro<\/strong>.<\/p>\n<p>&nbsp;<\/p>\n<p><img data-recalc-dims=\"1\" loading=\"lazy\" decoding=\"async\" class=\"size-full wp-image-59806 aligncenter\" src=\"https:\/\/i0.wp.com\/cdnoticias.com\/wp-content\/uploads\/2022\/07\/HCD-ley-micaela-01.jpg?resize=800%2C445&#038;ssl=1\" alt=\"\" width=\"800\" height=\"445\" srcset=\"https:\/\/i0.wp.com\/cdnoticias.com\/wp-content\/uploads\/2022\/07\/HCD-ley-micaela-01.jpg?w=800&amp;ssl=1 800w, https:\/\/i0.wp.com\/cdnoticias.com\/wp-content\/uploads\/2022\/07\/HCD-ley-micaela-01.jpg?resize=300%2C167&amp;ssl=1 300w, https:\/\/i0.wp.com\/cdnoticias.com\/wp-content\/uploads\/2022\/07\/HCD-ley-micaela-01.jpg?resize=768%2C427&amp;ssl=1 768w\" sizes=\"auto, (max-width: 800px) 100vw, 800px\" \/><\/p>\n<p>&nbsp;<\/p>\n","protected":false},"excerpt":{"rendered":"<p>Desde el Concejo Deliberante se inform\u00f3 que todos los concejales participaron de la capacitaci\u00f3n que brind\u00f3 la Direcci\u00f3n de Pol\u00edticas<\/p>\n","protected":false},"author":4,"featured_media":59805,"comment_status":"closed","ping_status":"closed","sticky":false,"template":"","format":"standard","meta":{"_jetpack_memberships_contains_paid_content":false,"footnotes":""},"categories":[3,1],"tags":[],"class_list":["post-59803","post","type-post","status-publish","format-standard","has-post-thumbnail","hentry","category-genero","category-portada"],"jetpack_featured_media_url":"https:\/\/i0.wp.com\/cdnoticias.com\/wp-content\/uploads\/2022\/07\/HCD-ley-micaela-00.jpg?fit=800%2C445&ssl=1","jetpack_sharing_enabled":true,"_links":{"self":[{"href":"https:\/\/cdnoticias.com\/index.php\/wp-json\/wp\/v2\/posts\/59803","targetHints":{"allow":["GET"]}}],"collection":[{"href":"https:\/\/cdnoticias.com\/index.php\/wp-json\/wp\/v2\/posts"}],"about":[{"href":"https:\/\/cdnoticias.com\/index.php\/wp-json\/wp\/v2\/types\/post"}],"author":[{"embeddable":true,"href":"https:\/\/cdnoticias.com\/index.php\/wp-json\/wp\/v2\/users\/4"}],"replies":[{"embeddable":true,"href":"https:\/\/cdnoticias.com\/index.php\/wp-json\/wp\/v2\/comments?post=59803"}],"version-history":[{"count":0,"href":"https:\/\/cdnoticias.com\/index.php\/wp-json\/wp\/v2\/posts\/59803\/revisions"}],"wp:featuredmedia":[{"embeddable":true,"href":"https:\/\/cdnoticias.com\/index.php\/wp-json\/wp\/v2\/media\/59805"}],"wp:attachment":[{"href":"https:\/\/cdnoticias.com\/index.php\/wp-json\/wp\/v2\/media?parent=59803"}],"wp:term":[{"taxonomy":"category","embeddable":true,"href":"https:\/\/cdnoticias.com\/index.php\/wp-json\/wp\/v2\/categories?post=59803"},{"taxonomy":"post_tag","embeddable":true,"href":"https:\/\/cdnoticias.com\/index.php\/wp-json\/wp\/v2\/tags?post=59803"}],"curies":[{"name":"wp","href":"https:\/\/api.w.org\/{rel}","templated":true}]}}