{"id":59746,"date":"2022-07-10T17:04:23","date_gmt":"2022-07-10T20:04:23","guid":{"rendered":"https:\/\/www.centraldenoticias.com.ar\/?p=59746"},"modified":"2022-07-10T20:38:54","modified_gmt":"2022-07-10T23:38:54","slug":"las-obras-el-territorio-y-esa-oscura-preocupacion","status":"publish","type":"post","link":"https:\/\/cdnoticias.com\/index.php\/2022\/07\/10\/las-obras-el-territorio-y-esa-oscura-preocupacion\/","title":{"rendered":"Las obras, el territorio y esa oscura preocupaci\u00f3n"},"content":{"rendered":"<p>La semana pol\u00edtica dej\u00f3 much\u00edsimas novedades en Olavarr\u00eda: partidarias, institucionales y electorales. Adem\u00e1s, la manifestaci\u00f3n en las puertas de Fomento impulsada por la familia de un joven internado con graves lesiones. <!--more--><\/p>\n<hr \/>\n<p dir=\"ltr\"><em>(Este es un resumen del newsletter Volver a las Fuentes, realizado por<strong>\u00a0Josefina Bargas y Alexis Grierson<\/strong>.\u00a0<a href=\"https:\/\/mailchi.mp\/8b4edf5bcb06\/las-obras-el-territorio-y-esa-oscura-preocupacin?e=7390b1bfea\" target=\"_blank\" rel=\"noopener\">La versi\u00f3n completa la pueden leer ac\u00e1<\/a>).\u00a0<\/em><\/p>\n<p dir=\"ltr\"><u><strong>Para el Presidente, iron\u00eda; para el Gobernador, reuni\u00f3n<\/strong><\/u><\/p>\n<div><\/div>\n<div><strong>La semana inici\u00f3 con nueva ministra de Econom\u00eda nacional. <\/strong>Pero los problemas son los mismos y acentuados. El d\u00f3lar fue y vino. Muchos precios subieron, empezaron a escasear m\u00e1s art\u00edculos, se mantiene la dificultad para comprar gasoil e incluso se ampli\u00f3 a m\u00e1s provincias.\u00a0<strong>Todo el escenario tiene su impacto en escala olavarriense. Ante la incertidumbre, algunas empresas hab\u00edan planteado como posible cerrar por varios d\u00edas, pero al menos hasta donde supimos todos eligieron el plan A: aumentar los precios.<\/strong>\u00a0S\u00ed confirmamos que hubo f\u00e1bricas que decidieron cortar las entregas de productos hasta que los precios se estabilicen.<\/div>\n<div><\/div>\n<div><\/div>\n<div>\n<p dir=\"ltr\">El escenario es at\u00edpico, pero no tanto para quienes vivimos cualquier crisis. En ese contexto,\u00a0<strong>el Municipio inaugur\u00f3 el viernes una sede de vacunaci\u00f3n en el Hospital.<\/strong>\u00a0Si bien funciona desde hace un par de meses,\u00a0<strong>la apertura formal se hizo con la paritaria cerrada<\/strong>. Ezequiel Galli, Germ\u00e1n Caputo, Silvina Guanucco y Mar\u00eda del Carmen Weiss cortaron la cinta y dieron por inaugurado el espacio.<\/p>\n<\/div>\n<div><\/div>\n<div>\n<p dir=\"ltr\">Despu\u00e9s de la recorrida y el \u201cestreno\u201d de las instalaciones con la aplicaci\u00f3n de una dosis de antigripal, Galli dio una entrevista en la que dej\u00f3 varias definiciones de importancia acerca de la actualidad de la obra p\u00fablica local.<\/p>\n<p dir=\"ltr\">\n<\/div>\n<p dir=\"ltr\"><img data-recalc-dims=\"1\" loading=\"lazy\" decoding=\"async\" class=\"alignnone size-full wp-image-59572\" src=\"https:\/\/i0.wp.com\/cdnoticias.com\/wp-content\/uploads\/2022\/07\/vacunatorio-inauguacion-04.jpg?resize=800%2C445&#038;ssl=1\" alt=\"\" width=\"800\" height=\"445\" srcset=\"https:\/\/i0.wp.com\/cdnoticias.com\/wp-content\/uploads\/2022\/07\/vacunatorio-inauguacion-04.jpg?w=800&amp;ssl=1 800w, https:\/\/i0.wp.com\/cdnoticias.com\/wp-content\/uploads\/2022\/07\/vacunatorio-inauguacion-04.jpg?resize=300%2C167&amp;ssl=1 300w, https:\/\/i0.wp.com\/cdnoticias.com\/wp-content\/uploads\/2022\/07\/vacunatorio-inauguacion-04.jpg?resize=768%2C427&amp;ssl=1 768w\" sizes=\"auto, (max-width: 800px) 100vw, 800px\" \/><\/p>\n<div><\/div>\n<div>\n<p dir=\"ltr\">Lo que ven\u00edamos notando:\u00a0<strong>las fechas de inauguraciones de muchas obras no se cumplen<\/strong>\u00a0(por ejemplo, el Centro Veterinario y la ampliaci\u00f3n del Hospital), todas las obras tienen actualizaciones de fondos\u00a0<strong>(hacemos hincapi\u00e9 en las TUVI porque adem\u00e1s vemos que los tiempos de las obras -las dos modalidades- se han estirado bastante lo cual va a redundar en m\u00e1s actualizaciones)<\/strong>, hay licitaciones con muy pocos o ning\u00fan oferente, y en las que hay oferentes hace al menos cuatro meses que siempre los precios son mucho mayores a los presupuestos previstos.<\/p>\n<\/div>\n<div><\/div>\n<div>\n<p dir=\"ltr\"><strong>Ezequiel Galli respondi\u00f3 sobre estos temas.\u00a0<\/strong>Por un lado, mostr\u00f3 que se defini\u00f3 modificar las licitaciones: habr\u00e1 m\u00e1s concursos en los que se entregar\u00e1n anticipos a las empresas ganadoras porque con eso le aseguran a los participantes que podr\u00e1n congelar precios de, al menos, los insumos principales. Por otro lado,\u00a0<strong>se\u00f1al\u00f3 que hay licitaciones sobre las que entienden que las empresas no se presentan porque los insumos que se requieren para cumplir o los art\u00edculos que la Municipalidad busca no se consiguen.\u00a0<\/strong>Casos: veh\u00edculos o ropa.<\/p>\n<\/div>\n<div><\/div>\n<div>\n<p dir=\"ltr\">Un tercer aspecto es pol\u00edtico:\u00a0<strong>los intendentes de Juntos le pidieron una reuni\u00f3n al gobernador Kicillof para, entre otros temas, llevarle el planteo de lo que sucede con las obras del FIM.<\/strong>\u00a0Galli dijo que est\u00e1 \u201cpreocupado\u201d por las obras locales: las de pavimentaci\u00f3n en barrio AOMA y repavimentaci\u00f3n de la prolongaci\u00f3n de Avellaneda tuvieron ofertas superiores al presupuesto oficial, y se incluyeron ajustes de precios que se asumir\u00e1n con fondos municipales. La pavimentaci\u00f3n de calle Rivadavia qued\u00f3 desierta.<\/p>\n<\/div>\n<div><\/div>\n<div>\n<p dir=\"ltr\"><strong>Es que el FIM es un fondo fijo<\/strong>: se defini\u00f3 en diciembre el reparto de un total de 8.000 millones entre todos los municipios en funci\u00f3n de la coparticipaci\u00f3n. De diciembre hasta ahora los precios se modificaron notablemente, y los proyectos de obras que se previeron en los primeros meses del a\u00f1o no siempre pueden ejecutarse a esta altura. \u201cSemana a semana es tremendo lo que var\u00edan los costos de todo\u201d destac\u00f3 Galli. Es un problema com\u00fan a todos los distritos y por ellos los jefes comunales opositores quieren llevar el planteo a la Gobernaci\u00f3n. Buscan tambi\u00e9n acelerar la entrega de fondos de obras y, adem\u00e1s, demandar por las deudas de IOMA.<\/p>\n<\/div>\n<div><\/div>\n<div>\n<p dir=\"ltr\"><em>\u201cLos intendentes de Juntos estamos pidiendo una reuni\u00f3n con el gobernador y todav\u00eda no hemos tenido respuesta. Esper\u00e1bamos para la semana que viene tener una reuni\u00f3n que fue suspendida\u201d\u00a0<\/em>dijo el viernes Galli.<\/p>\n<\/div>\n<div><\/div>\n<div>\n<p dir=\"ltr\">Sobre las obras con fondos municipales o las obras ya iniciadas, dijo que se sent\u00eda tranquilo. Hizo hincapi\u00e9 en que\u00a0<em>\u201cla situaci\u00f3n econ\u00f3mica y financiera del municipio es muy s\u00f3lida\u201d,<\/em>\u00a0aunque plante\u00f3 que las obras con mayor inversi\u00f3n, la construcci\u00f3n del Instituto de Educaci\u00f3n F\u00edsica (ya iniciada) y la construcci\u00f3n del Jard\u00edn 929 (por iniciar) \u201cllevan insumos complejos\u201d, en t\u00e9rminos de que no todo se consigue.\u00a0<em>\u201cLa problem\u00e1tica es importante. Del Gobierno Nacional lo \u00fanico que escuchamos, es que hay una crisis de crecimiento, que el pa\u00eds no para de crecer, que son todas buenas noticias, y la verdad que uno en el d\u00eda a d\u00eda no ve lo mismo\u201d<\/em>\u00a0critic\u00f3.<\/p>\n<\/div>\n<div><\/div>\n<div>\n<p dir=\"ltr\"><strong>Otro tema sobre el que habl\u00f3 fue el acceso al gasoil.<\/strong>\u00a0El municipio consume 60.000 litros de combustible por mes, gran parte de ello es gasoil. Tuvo en cuenta que con el \u201cplan de contingencia\u201d alcanzan a conseguir: el plan consiste en que en la YPF (generalmente la de Del Valle y Pellegrini) le avisan al Municipio cuando reciben abastecimiento. De esa forma, tienen prioridad en la carga las ambulancias, los patrulleros y los bomberos.<em>\u00a0\u201cTodo lo que tiene que ver con los servicios esenciales de emergencias\u201d<\/em>\u00a0explic\u00f3.<em>\u00a0\u201cLamentablemente el gran crecimiento que est\u00e1 teniendo el pa\u00eds hace que no tengamos combustible. Eso dicen, pero la verdad que uno ve una situaci\u00f3n bastante preocupante. Porque no se est\u00e1 viendo la lucecita al final del t\u00fanel. Pareciera profundizarse cada vez m\u00e1s\u201d<\/em>\u00a0consider\u00f3.<\/p>\n<p dir=\"ltr\">\n<\/div>\n<div><img data-recalc-dims=\"1\" loading=\"lazy\" decoding=\"async\" class=\"alignnone size-large wp-image-59400\" src=\"https:\/\/i0.wp.com\/cdnoticias.com\/wp-content\/uploads\/2022\/07\/marcha-agapito8.jpg?resize=800%2C445&#038;ssl=1\" alt=\"\" width=\"800\" height=\"445\" srcset=\"https:\/\/i0.wp.com\/cdnoticias.com\/wp-content\/uploads\/2022\/07\/marcha-agapito8-scaled.jpg?resize=1024%2C570&amp;ssl=1 1024w, https:\/\/i0.wp.com\/cdnoticias.com\/wp-content\/uploads\/2022\/07\/marcha-agapito8-scaled.jpg?resize=300%2C167&amp;ssl=1 300w, https:\/\/i0.wp.com\/cdnoticias.com\/wp-content\/uploads\/2022\/07\/marcha-agapito8-scaled.jpg?resize=768%2C427&amp;ssl=1 768w, https:\/\/i0.wp.com\/cdnoticias.com\/wp-content\/uploads\/2022\/07\/marcha-agapito8-scaled.jpg?resize=1536%2C854&amp;ssl=1 1536w, https:\/\/i0.wp.com\/cdnoticias.com\/wp-content\/uploads\/2022\/07\/marcha-agapito8-scaled.jpg?resize=2048%2C1139&amp;ssl=1 2048w, https:\/\/i0.wp.com\/cdnoticias.com\/wp-content\/uploads\/2022\/07\/marcha-agapito8-scaled.jpg?resize=800%2C445&amp;ssl=1 800w, https:\/\/i0.wp.com\/cdnoticias.com\/wp-content\/uploads\/2022\/07\/marcha-agapito8-scaled.jpg?w=1600&amp;ssl=1 1600w, https:\/\/i0.wp.com\/cdnoticias.com\/wp-content\/uploads\/2022\/07\/marcha-agapito8-scaled.jpg?w=2400&amp;ssl=1 2400w\" sizes=\"auto, (max-width: 800px) 100vw, 800px\" \/><\/div>\n<div><\/div>\n<div>\n<p dir=\"ltr\"><u><strong>Cada vez m\u00e1s oscuro<\/strong><\/u><\/p>\n<\/div>\n<div><\/div>\n<div>\n<p dir=\"ltr\">Uno de los temas que se instal\u00f3 con potencia esta semana en la agenda local es la nocturnidad. No es la primera vez que sucede en el a\u00f1o, pero s\u00ed tuvo ahora respuestas distintas desde el Municipio, aunque \u00bftard\u00edas?\u00a0<strong>Hubo quejas por ausencias de todo tipo en el \u00faltimo tiempo aunque, nobleza obliga, una respuesta contundente. \u00bfSer\u00e1 definitiva?<\/strong><\/p>\n<\/div>\n<div><\/div>\n<div>\n<p dir=\"ltr\">El punto de partida es grave y triste:<strong>\u00a0un joven de 18 a\u00f1os est\u00e1 internado en grave estado en el Hospital con lesiones en el cr\u00e1neo. Se cay\u00f3 contra el cord\u00f3n de la vereda despu\u00e9s de recibir un golpe de un empleado de seguridad de Fomento en las puertas de ese local.<\/strong><\/p>\n<\/div>\n<div><\/div>\n<div>\n<p dir=\"ltr\">De forma inmediata tras el caso, la familia del joven sali\u00f3 a pedir testigos y a exponer lo sucedido con fuertes cr\u00edticas al comercio. Incluso, otro joven sali\u00f3 a mostrar su caso, sucedido hace un par de meses; \u00e9l tambi\u00e9n denunci\u00f3 al personal de seguridad del boliche tras sufrir un golpe en la cabeza.<\/p>\n<\/div>\n<div><\/div>\n<div>\n<p dir=\"ltr\">Con el componente no menor de canales de alcance nacional\u00a0cubriendo el caso,\u00a0<strong>hubo manifestaci\u00f3n frente a Fomento con el testimonio de la madre del joven evidentemente afectada por la situaci\u00f3n de su hijo.<\/strong><\/p>\n<\/div>\n<div><\/div>\n<div>\n<p dir=\"ltr\">La investigaci\u00f3n penal se inici\u00f3 por \u201cda\u00f1os graves\u201d, y tras los primeros d\u00edas donde se hablaba de responsabilidades no tan claras,<strong>\u00a0hubo allanamiento y posterior detenci\u00f3n del acusado, la cual se conoci\u00f3 despu\u00e9s de la manifestaci\u00f3n callejera.\u00a0<\/strong><\/p>\n<\/div>\n<div><\/div>\n<div>\n<p dir=\"ltr\">Con la detenci\u00f3n del acusado y con argumentaci\u00f3n en la ley que regula la actividad del personal de seguridad,\u00a0<strong>el intendente decret\u00f3 la revocatoria de la habilitaci\u00f3n del local que se hab\u00eda emitido en noviembre pasado.<\/strong>\u00a0Incluso se expuso que en la noche que se dieron los hechos, Control Urbano hab\u00eda inspeccionado el local y ten\u00eda superada la capacidad de asistencia permitida.<\/p>\n<\/div>\n<div><\/div>\n<div>\n<p dir=\"ltr\">Ac\u00e1 vamos a hacer varios parates. En la movilizaci\u00f3n, se dio en paralelo un curioso movimiento de vecinos del barrio que aprovecharon la presencia de medios locales para denunciar, tambi\u00e9n, que\u00a0<em>\u201cel operativo policial que vemos hoy no se ve en la noche cuando pasan las cosas que pasan\u201d<\/em>. Indicaron que es \u201cmuy habitual\u201d que haya peleas de este tipo y que\u00a0<strong><em>\u201cel boliche garantiza que no pase puertas adentro, la polic\u00eda que no les interrumpa el trabajo y no hay Estado que cuide a nadie\u201d.\u00a0<\/em><\/strong><\/p>\n<\/div>\n<div><\/div>\n<div>\n<p dir=\"ltr\">En ese nivel de cr\u00edticas, tambi\u00e9n hubo otros que se\u00f1alaron v\u00ednculos que son un tanto m\u00e1s complejos de probar pero que no dejan de sonar en palabras de vecinos e incluso de personas que salen a este tipo de locales bailables,\u00a0<strong>Est\u00e1n relacionados, claro est\u00e1,\u00a0con\u00a0el consumo de drogas.<\/strong><\/p>\n<\/div>\n<div><\/div>\n<div>\n<p dir=\"ltr\">En el medio, nada. No hubo una red de contenci\u00f3n en este tiempo para tantas denuncias. Pas\u00f3, en su momento, con las denuncias sobre drogas en tragos, agresiones, peleas.\u00a0<strong>Est\u00e1 claro que la ciudad, m\u00e1s all\u00e1 de lo que contaremos a continuaci\u00f3n, se debe un serio debate sobre la gesti\u00f3n de la nocturnidad.<\/strong>\u00a0Que no quede librado 100% al Estado pero tampoco a los empresarios. Equilibrios y controles adaptados a los tiempos que corren.<\/p>\n<\/div>\n<div><\/div>\n<div>\n<p dir=\"ltr\"><span style=\"font-family: roboto, helvetica neue, helvetica, arial, sans-serif;\">Era jueves y el primer tema de la sesi\u00f3n del Concejo se vincul\u00f3 justamente con nocturnidad: desde ahora\u00a0<\/span><strong>los due\u00f1os y empleados de los locales de esparcimiento nocturno (bares y boliches, pero tambi\u00e9n restaurantes, cafeter\u00edas y hasta los shops de estaciones de servicio) van a tener que hacer una capacitaci\u00f3n obligatoria en g\u00e9nero y discriminaci\u00f3n para acceder a la habilitaci\u00f3n o\u00a0<\/strong><span style=\"font-family: roboto, helvetica neue, helvetica, arial, sans-serif;\"><strong>renovaci\u00f3n<\/strong><\/span><strong>\u00a0de la habilitaci\u00f3n.<\/strong><\/p>\n<\/div>\n<p dir=\"ltr\"><img data-recalc-dims=\"1\" loading=\"lazy\" decoding=\"async\" class=\"alignnone size-large wp-image-59426\" src=\"https:\/\/i0.wp.com\/cdnoticias.com\/wp-content\/uploads\/2022\/07\/HCD3-07-07-2022.jpg?resize=800%2C445&#038;ssl=1\" alt=\"\" width=\"800\" height=\"445\" srcset=\"https:\/\/i0.wp.com\/cdnoticias.com\/wp-content\/uploads\/2022\/07\/HCD3-07-07-2022.jpg?resize=1024%2C570&amp;ssl=1 1024w, https:\/\/i0.wp.com\/cdnoticias.com\/wp-content\/uploads\/2022\/07\/HCD3-07-07-2022.jpg?resize=300%2C167&amp;ssl=1 300w, https:\/\/i0.wp.com\/cdnoticias.com\/wp-content\/uploads\/2022\/07\/HCD3-07-07-2022.jpg?resize=768%2C427&amp;ssl=1 768w, https:\/\/i0.wp.com\/cdnoticias.com\/wp-content\/uploads\/2022\/07\/HCD3-07-07-2022.jpg?resize=800%2C445&amp;ssl=1 800w, https:\/\/i0.wp.com\/cdnoticias.com\/wp-content\/uploads\/2022\/07\/HCD3-07-07-2022.jpg?w=1280&amp;ssl=1 1280w\" sizes=\"auto, (max-width: 800px) 100vw, 800px\" \/><\/p>\n<div><\/div>\n<div>\n<p dir=\"ltr\">Este proyecto surgi\u00f3 de la Juventud Radical y se present\u00f3 en octubre del a\u00f1o pasado.\u00a0<em>\u201cNotamos que los hechos de discriminaci\u00f3n llevan a situaciones de violencia\u201d\u00a0<\/em>dijo la concejal Bel\u00e9n Vergel al presentar la iniciativa.\u00a0<strong>Tuvo en cuenta lo sucedido el fin de semana pasado, pero tambi\u00e9n los casos de abril de j\u00f3venes que denunciaron haber sido intoxicadas, as\u00ed como los hechos del a\u00f1o pasado con discriminaci\u00f3n a personas trans y homosexuales en bares<\/strong>. La concejal In\u00e9s Creimer a\u00f1adi\u00f3\u00a0<em>\u201cno puede ser que un joven salga a divertirse y no regrese a su casa. No puede ser que las j\u00f3venes salgan a un boliche y se despierten en lugares que no conocen\u201d.<\/em><\/p>\n<\/div>\n<div><\/div>\n<div>\n<p dir=\"ltr\">La Juventud Radical celebr\u00f3 la aprobaci\u00f3n de la ordenanza que consider\u00f3 como<em>\u00a0\u201cel primer paso para una nocturnidad m\u00e1s segura\u201d.<\/em>\u00a0Afirmaron que la votaci\u00f3n de esta normativa\u00a0<em>\u201cmuestra la necesidad de pol\u00edticas para dejar de lamentar hechos de violencia como los sucedidos el fin de semana pasado. La nocturnidad no puede ser de los varones violentos y las pol\u00edticas p\u00fablicas no pueden llegar tarde, tienen que prevenir y deben ser con perspectiva de g\u00e9nero y diversidad\u201d.<\/em><\/p>\n<\/div>\n<div><\/div>\n<div>\n<p dir=\"ltr\">Pero fueron m\u00e1s all\u00e1 y se refirieron a la revocaci\u00f3n de la habilitaci\u00f3n de Fomento con un mensaje para Ezequiel Galli:<em>\u00a0\u201cle solicitamos que preste especial atenci\u00f3n a esta ordenanza porque la prohibici\u00f3n no es la \u00fanica pol\u00edtica que deber\u00eda tomar. La violencia que va en aumento y la vulnerabilidad de quienes deciden disfrutar en la noche de nuestra ciudad no se va a solucionar con quitar habilitaciones solamente, no es una respuesta responsable y a la altura de la realidad\u201d.<\/em><\/p>\n<\/div>\n<div><\/div>\n<div>\n<p dir=\"ltr\">\u00bfVolver\u00e1 Fomento a abrir sus puertas? \u00bfSer\u00e1 bajo la misma gesti\u00f3n?\u00a0<strong>En 2013, tras el caso Stramessi<\/strong>, la situaci\u00f3n se volvi\u00f3 tan insostenible que hubo cambios en la concesi\u00f3n del mismo boliche. En ese momento, se dio un paso importante en pos de los controles y el manejo de dicho lugar, pero<strong> a\u00f1os despu\u00e9s pareciera que la situaci\u00f3n es otra.\u00a0<\/strong><\/p>\n<\/div>\n<div><\/div>\n<div>\n<p dir=\"ltr\"><u><strong>Las visitas y las remeras<\/strong><\/u><\/p>\n<\/div>\n<div><\/div>\n<div>\n<p dir=\"ltr\">En el frente Juntos, burbujean los movimientos con vistas electorales.\u00a0<strong>Reuniones, declaraciones, lanzamientos. Semana a semana hay novedades. Y en esta, Galli tuvo protagonismo, pero no exclusividad.<\/strong><\/p>\n<\/div>\n<div><\/div>\n<div>\n<p dir=\"ltr\">En el inicio de la semana, estuvo en Olavarr\u00eda el presidente del Comit\u00e9 Nacional del Movimiento de Integraci\u00f3n y Desarrollo (MID) Juan Pablo Carrique. Se reuni\u00f3 con Galli y con el referente local del MID, Julio Valetutto.<\/p>\n<\/div>\n<div><\/div>\n<div>\n<p dir=\"ltr\">El jueves hubo encuentro seccional del Pro:\u00a0<strong>dirigentes de Bol\u00edvar, Saladillo, 25 de Mayo, Roque P\u00e9rez y Azul estuvieron en el Club Pueblo Nuevo donde Galli fue el centro de la mesa.<\/strong>\u00a0Se destac\u00f3 no s\u00f3lo por su pulover amarillo, sino por sus declaraciones:<em>\u00a0\u201cel PRO est\u00e1 creciendo mucho en la secci\u00f3n\u201d<\/em>\u00a0dijo para luego dejar en claro que su alineamiento interno se mantiene intacto con \u201cDiego Santilli y Horacio Rodr\u00edguez Larreta\u201d, y con Mauricio Macri para quien tambi\u00e9n hubo referencia.<\/p>\n<p dir=\"ltr\">\n<\/div>\n<p dir=\"ltr\"><img data-recalc-dims=\"1\" loading=\"lazy\" decoding=\"async\" class=\"alignnone size-large wp-image-59748\" src=\"https:\/\/i0.wp.com\/cdnoticias.com\/wp-content\/uploads\/2022\/07\/FXF_kNNWYAASs9T.jpg?resize=800%2C534&#038;ssl=1\" alt=\"\" width=\"800\" height=\"534\" srcset=\"https:\/\/i0.wp.com\/cdnoticias.com\/wp-content\/uploads\/2022\/07\/FXF_kNNWYAASs9T.jpg?resize=1024%2C684&amp;ssl=1 1024w, https:\/\/i0.wp.com\/cdnoticias.com\/wp-content\/uploads\/2022\/07\/FXF_kNNWYAASs9T.jpg?resize=300%2C200&amp;ssl=1 300w, https:\/\/i0.wp.com\/cdnoticias.com\/wp-content\/uploads\/2022\/07\/FXF_kNNWYAASs9T.jpg?resize=768%2C513&amp;ssl=1 768w, https:\/\/i0.wp.com\/cdnoticias.com\/wp-content\/uploads\/2022\/07\/FXF_kNNWYAASs9T.jpg?resize=272%2C182&amp;ssl=1 272w, https:\/\/i0.wp.com\/cdnoticias.com\/wp-content\/uploads\/2022\/07\/FXF_kNNWYAASs9T.jpg?w=1080&amp;ssl=1 1080w\" sizes=\"auto, (max-width: 800px) 100vw, 800px\" \/><\/p>\n<div><\/div>\n<div>\n<p dir=\"ltr\">Pero eso no fue todo. En el comunicado difundido se citaron palabras de \u201clos referentes de cada localidad\u201d:\u00a0<em>\u201cnuestro ejemplo de gesti\u00f3n y construcci\u00f3n pol\u00edtica tiene que ser Olavarr\u00eda. Tenemos la enorme posibilidad de contar con el respaldo de Ezequiel y su equipo y no debemos desaprovecharlo\u201d<\/em>. Mir\u00e1 vos c\u00f3mo coincidieron todos en la misma idea.<\/p>\n<\/div>\n<div><\/div>\n<div>\n<p dir=\"ltr\">Primer asterisco:\u00a0<strong>llam\u00f3 mucho la atenci\u00f3n la ausencia de Hern\u00e1n Bertellys<\/strong>, dirigente que se lo hab\u00eda mostrado cerca de la gesti\u00f3n de la Provincia y lejos del frente Juntos\u2026horas despu\u00e9s de la reuni\u00f3n, se aclar\u00f3 que dicho encuentro fue \u201cuna reuni\u00f3n 100% Pro\u201d y que<strong>\u00a0Bertellys era un peronista que acompa\u00f1a al espacio. \u00bfQu\u00e9 pas\u00f3 48 horas despu\u00e9s? Foto de Bertellys con Larreta y fin de las discusiones, ahora sumar\u00e1 desde ese lugar.<\/strong><\/p>\n<\/div>\n<div><\/div>\n<div>\n<p dir=\"ltr\">Segundo asterisco: Galli, de todas maneras, se guardaba una carta\u2026est\u00e1 claro que sab\u00eda lo que pasar\u00eda este s\u00e1bado a \u00faltima hora, cuando\u00a0<strong>Mauricio Macri por los 20 a\u00f1os del Pro anunci\u00f3, con bombos y platillos que Horacio Rodr\u00edguez Larreta ser\u00eda el candidato a presidente del espacio dentro de la interna de Juntos.\u00a0<\/strong><\/p>\n<\/div>\n<div><\/div>\n<div>\n<p dir=\"ltr\">Ojo, Macri tampoco es que lo dijo as\u00ed con todas las letras, pero tiene toda la pinta. Desde ya. Eso lo para en un lugar distinto de cara a lo que viene, m\u00e1s all\u00e1 de la suerte de Diego Santilli en la Provincia.\u00a0<strong>Se lo menciona entre los armadores del larretismo en el interior de la Provincia y la tarea es grande, como todo el territorio bonaerense.\u00a0<\/strong>\u00bfC\u00f3mo hace el jefe comunal para gestionar y adem\u00e1s estar metido en este tema tan \u201cgrande\u201d? Que pase la f\u00f3rmula..<\/p>\n<p dir=\"ltr\">\n<\/div>\n<p dir=\"ltr\"><img data-recalc-dims=\"1\" loading=\"lazy\" decoding=\"async\" class=\"alignnone size-large wp-image-59747\" src=\"https:\/\/i0.wp.com\/cdnoticias.com\/wp-content\/uploads\/2022\/07\/FXFpyrXWAAA7ihB.jpg?resize=800%2C563&#038;ssl=1\" alt=\"\" width=\"800\" height=\"563\" srcset=\"https:\/\/i0.wp.com\/cdnoticias.com\/wp-content\/uploads\/2022\/07\/FXFpyrXWAAA7ihB.jpg?w=1021&amp;ssl=1 1021w, https:\/\/i0.wp.com\/cdnoticias.com\/wp-content\/uploads\/2022\/07\/FXFpyrXWAAA7ihB.jpg?resize=300%2C211&amp;ssl=1 300w, https:\/\/i0.wp.com\/cdnoticias.com\/wp-content\/uploads\/2022\/07\/FXFpyrXWAAA7ihB.jpg?resize=768%2C541&amp;ssl=1 768w, https:\/\/i0.wp.com\/cdnoticias.com\/wp-content\/uploads\/2022\/07\/FXFpyrXWAAA7ihB.jpg?resize=130%2C90&amp;ssl=1 130w\" sizes=\"auto, (max-width: 800px) 100vw, 800px\" \/><\/p>\n<div><\/div>\n<div>\n<p dir=\"ltr\">A la gama de amarillos le apareci\u00f3 un tono bien estridente:\u00a0<strong>Dalton Jauregui present\u00f3 las remeras de la campa\u00f1a llamada \u201cCR23\u201d con la postulaci\u00f3n de Cristian Ritondo para la gobernaci\u00f3n.<\/strong><a href=\"https:\/\/twitter.com\/daltonjauregui\/status\/1545132895483879424?s=20&amp;t=QciBmtXPCNMVQjv0Ld141g\">\u00a0\u00bfEl ex senador dej\u00f3 anunciado que va por la intendencia?\u00a0<\/a>Por lo pronto ayer ya mostr\u00f3 alguna convocatoria local y hace varias semanas que presenta actividades con agenda olavarriense.<\/p>\n<\/div>\n<div><\/div>\n<div>\n<p dir=\"ltr\">Las se\u00f1ales de J\u00e1uregui prefiguran su intenci\u00f3n de ir a una PASO con Galli.<a href=\"https:\/\/www.elpopular.com.ar\/nota\/9623\/2022\/07\/todavia-no-he-decidido-si-sere-candidato-pero-la-ley-me-habilita\">\u00a0Ac\u00e1 Galli no lo descart\u00f3.<\/a>\u00a0\u00bfY la UCR? Habr\u00e1 que esperar unos d\u00edas para responder eso, pero creenos que hay gente movi\u00e9ndose para tener lista propia.<\/p>\n<\/div>\n<div><\/div>\n<div>\n<p dir=\"ltr\">Para sumar a este escenario te dejamos esta encuesta que se hizo a nivel provincial donde se muestra que\u00a0<a href=\"https:\/\/enlineanoticias.com.ar\/encuesta-bonaerense-paso-2023-kicillof-primero-en-el-fdt-y-santilli-en-jxc\/\" target=\"_blank\" rel=\"noopener\" data-saferedirecturl=\"https:\/\/www.google.com\/url?q=https:\/\/gmail.us17.list-manage.com\/track\/click?u%3Dcba2a41506a8e26d100c3f0f8%26id%3D917c9b1056%26e%3D7390b1bfea&amp;source=gmail&amp;ust=1657568516011000&amp;usg=AOvVaw0TJVBScolU00Mkyu4jzSYF\">Axel Kicillof es el posible candidato m\u00e1s votado para las PASO bonaerenses 2023, seguido por Diego Santilli de Juntos.<\/a><\/p>\n<\/div>\n<div><\/div>\n<div>\n<p dir=\"ltr\"><u><strong>Sostenerse en el territorio\u00a0<\/strong><\/u><\/p>\n<\/div>\n<div><\/div>\n<div>\n<p dir=\"ltr\">Un fen\u00f3meno que\u00a0<strong>deja de sorprender cuando se repite tanto, y que pasa al plano de tomarlo en serio: el Frente de Todos contin\u00faa con un despliegue territorial desde hace varios s\u00e1bados<\/strong>\u00a0y busca involucrar a los vecinos no s\u00f3lo en el planteo de sus propias problem\u00e1ticas, sino en la participaci\u00f3n para resolverlas.<\/p>\n<\/div>\n<div><\/div>\n<div>\n<p dir=\"ltr\">Es interesante y\u00a0<strong>va en l\u00ednea por lo planteado por el propio C\u00e9sar Valicenti (en di\u00e1logo con este newsletter), referente del Frente de Todos seccional, de generar grupos de trabajo que conozcan del territorio y sepan qu\u00e9 es lo que est\u00e1 sucediendo en cada sector<\/strong>, no s\u00f3lo el industrial (como hizo \u00e9nfasis en la entrevista) sino tambi\u00e9n en lo que pasa en cada barrio del distrito.<\/p>\n<\/div>\n<div><\/div>\n<div>\n<p dir=\"ltr\">Se rescat\u00f3 un \u201cmuy buen ida y vuelta con los vecinos\u201d y tambi\u00e9n se adelant\u00f3 que es una iniciativa que lleg\u00f3 para quedarse:\u00a0<em><strong>\u201cqueremos promover organizaci\u00f3n en los barrios para avanzar con las problem\u00e1ticas\u201d<\/strong><\/em>\u00a0indicaron a este newsletter a \u00faltima hora del s\u00e1bado.<\/p>\n<\/div>\n<div><\/div>\n<div>\n<p dir=\"ltr\">Y como todo tiene una causa y una consecuencia,\u00a0<strong>se resalt\u00f3 el valor del Ateneo N\u00e9stor Kirchner\u00a0<\/strong>como\u00a0<em>\u201cel dispositivo desde donde se logra est\u00e1 gran convocatoria y organizaci\u00f3n militante para recorrer la ciudad\u201d.\u00a0<\/em><\/p>\n<\/div>\n<div><\/div>\n<div>\n<p dir=\"ltr\">S\u00e1bado a s\u00e1bado se ven agrupaciones dentro del Frente que se reparten los barrios para recorrer y caminar las calles de la ciudad.\u00a0<strong>Es construir algo de forma integral: antes se pensaba de abajo hacia arriba, ahora se piensa en el abajo y en el arriba de la situaci\u00f3n para integrarla. \u00bfSer\u00e1 la f\u00f3rmula, a un a\u00f1o y medio de las elecciones?<\/strong><\/p>\n<\/div>\n","protected":false},"excerpt":{"rendered":"<p>La semana pol\u00edtica dej\u00f3 much\u00edsimas novedades en Olavarr\u00eda: partidarias, institucionales y electorales. Adem\u00e1s, la manifestaci\u00f3n en las puertas de Fomento<\/p>\n","protected":false},"author":2,"featured_media":59396,"comment_status":"closed","ping_status":"closed","sticky":false,"template":"","format":"standard","meta":{"_jetpack_memberships_contains_paid_content":false,"footnotes":""},"categories":[4,1],"tags":[],"class_list":["post-59746","post","type-post","status-publish","format-standard","has-post-thumbnail","hentry","category-politica","category-portada"],"jetpack_featured_media_url":"https:\/\/i0.wp.com\/cdnoticias.com\/wp-content\/uploads\/2022\/07\/marcha-agapito4-scaled.jpg?fit=2560%2C1424&ssl=1","jetpack_sharing_enabled":true,"_links":{"self":[{"href":"https:\/\/cdnoticias.com\/index.php\/wp-json\/wp\/v2\/posts\/59746","targetHints":{"allow":["GET"]}}],"collection":[{"href":"https:\/\/cdnoticias.com\/index.php\/wp-json\/wp\/v2\/posts"}],"about":[{"href":"https:\/\/cdnoticias.com\/index.php\/wp-json\/wp\/v2\/types\/post"}],"author":[{"embeddable":true,"href":"https:\/\/cdnoticias.com\/index.php\/wp-json\/wp\/v2\/users\/2"}],"replies":[{"embeddable":true,"href":"https:\/\/cdnoticias.com\/index.php\/wp-json\/wp\/v2\/comments?post=59746"}],"version-history":[{"count":0,"href":"https:\/\/cdnoticias.com\/index.php\/wp-json\/wp\/v2\/posts\/59746\/revisions"}],"wp:featuredmedia":[{"embeddable":true,"href":"https:\/\/cdnoticias.com\/index.php\/wp-json\/wp\/v2\/media\/59396"}],"wp:attachment":[{"href":"https:\/\/cdnoticias.com\/index.php\/wp-json\/wp\/v2\/media?parent=59746"}],"wp:term":[{"taxonomy":"category","embeddable":true,"href":"https:\/\/cdnoticias.com\/index.php\/wp-json\/wp\/v2\/categories?post=59746"},{"taxonomy":"post_tag","embeddable":true,"href":"https:\/\/cdnoticias.com\/index.php\/wp-json\/wp\/v2\/tags?post=59746"}],"curies":[{"name":"wp","href":"https:\/\/api.w.org\/{rel}","templated":true}]}}