{"id":5973,"date":"2020-11-08T21:14:10","date_gmt":"2020-11-09T00:14:10","guid":{"rendered":"http:\/\/www.centraldenoticias.com.ar\/?p=5973"},"modified":"2020-11-09T08:33:11","modified_gmt":"2020-11-09T11:33:11","slug":"numerosos-allanamientos-en-el-barrio-lourdes-tras-enfrentamientos-a-disparos-y-puntazos","status":"publish","type":"post","link":"https:\/\/cdnoticias.com\/index.php\/2020\/11\/08\/numerosos-allanamientos-en-el-barrio-lourdes-tras-enfrentamientos-a-disparos-y-puntazos\/","title":{"rendered":"Numerosos allanamientos en el barrio Lourdes  tras enfrentamientos a disparos y \u201cpuntazos\u201d"},"content":{"rendered":"<p>Los casos se registraron en la noche del viernes, pero en el cierre de la jornada de este s\u00e1bado volvieron a darse graves disturbios.<\/p>\n<p><!--more--><\/p>\n<hr \/>\n<p>Un imponente despliegue policial pudo verse en la tarde de este domingo en el barrio Lourdes, donde condujeron las averiguaciones de graves episodios que tambi\u00e9n tuvieron como escenario ese punto de la ciudad. <strong>Seg\u00fan se narr\u00f3 a Central de Noticias se incautaron varios elementos de inter\u00e9s probatorio.<\/strong><\/p>\n<p>&nbsp;<\/p>\n<p><strong>En la noche del \u00faltimo viernes una violenta disputa entre varias personas dej\u00f3 como saldo, al menos, tres personas heridas<\/strong>. La aclaraci\u00f3n refiere es que esa cifra es el n\u00famero de personas que fueron hospitalizadas, pero no se descarta que pudo haber m\u00e1s v\u00edctimas debido a la gravedad del caso.<\/p>\n<p>&nbsp;<\/p>\n<p><img data-recalc-dims=\"1\" loading=\"lazy\" decoding=\"async\" class=\"alignnone size-large wp-image-5977\" src=\"https:\/\/i0.wp.com\/cdnoticias.com\/wp-content\/uploads\/2020\/11\/WhatsApp-Image-2020-11-08-at-8.48.32-PM-1-e1604879437874-1024x576.jpeg?resize=800%2C450&#038;ssl=1\" alt=\"\" width=\"800\" height=\"450\" srcset=\"https:\/\/i0.wp.com\/cdnoticias.com\/wp-content\/uploads\/2020\/11\/WhatsApp-Image-2020-11-08-at-8.48.32-PM-1-e1604879437874.jpeg?resize=1024%2C576&amp;ssl=1 1024w, https:\/\/i0.wp.com\/cdnoticias.com\/wp-content\/uploads\/2020\/11\/WhatsApp-Image-2020-11-08-at-8.48.32-PM-1-e1604879437874.jpeg?resize=300%2C169&amp;ssl=1 300w, https:\/\/i0.wp.com\/cdnoticias.com\/wp-content\/uploads\/2020\/11\/WhatsApp-Image-2020-11-08-at-8.48.32-PM-1-e1604879437874.jpeg?resize=768%2C432&amp;ssl=1 768w, https:\/\/i0.wp.com\/cdnoticias.com\/wp-content\/uploads\/2020\/11\/WhatsApp-Image-2020-11-08-at-8.48.32-PM-1-e1604879437874.jpeg?w=1032&amp;ssl=1 1032w\" sizes=\"auto, (max-width: 800px) 100vw, 800px\" \/><\/p>\n<p>&nbsp;<\/p>\n<p><strong>Sobre el hecho en s\u00ed no hay a\u00fan mayores precisiones, algunos dan cuenta de un enfrentamiento entre bandas, mientras que otros aluden a una rivalidad entre familias<\/strong>. Lo concreto, en lo que s\u00ed coincidieron las fuentes, es que en la pelea se habr\u00edan utilizado armas blancas y de fuego, algo que qued\u00f3 expuesto en las lesiones que las personas presentaron principalmente en la zona de las piernas.<\/p>\n<p>&nbsp;<\/p>\n<p><strong>Lo particular del caso es que todo se reedit\u00f3 en la noche de \u00faltimo s\u00e1bado, cuando uno de los bandos habr\u00eda ido en represalia en b\u00fasqueda de sus rivales<\/strong>. Si bien no se habr\u00edan dado m\u00e1s personas heridas, las agresiones habr\u00edan vuelto a incluir armas y todo tipo de elementos y agresiones.<\/p>\n<p>&nbsp;<\/p>\n<p><img data-recalc-dims=\"1\" loading=\"lazy\" decoding=\"async\" class=\"alignnone size-large wp-image-5976\" src=\"https:\/\/i0.wp.com\/cdnoticias.com\/wp-content\/uploads\/2020\/11\/WhatsApp-Image-2020-11-08-at-8.48.31-PM-e1604879428159-1024x576.jpeg?resize=800%2C450&#038;ssl=1\" alt=\"\" width=\"800\" height=\"450\" srcset=\"https:\/\/i0.wp.com\/cdnoticias.com\/wp-content\/uploads\/2020\/11\/WhatsApp-Image-2020-11-08-at-8.48.31-PM-e1604879428159.jpeg?resize=1024%2C576&amp;ssl=1 1024w, https:\/\/i0.wp.com\/cdnoticias.com\/wp-content\/uploads\/2020\/11\/WhatsApp-Image-2020-11-08-at-8.48.31-PM-e1604879428159.jpeg?resize=300%2C169&amp;ssl=1 300w, https:\/\/i0.wp.com\/cdnoticias.com\/wp-content\/uploads\/2020\/11\/WhatsApp-Image-2020-11-08-at-8.48.31-PM-e1604879428159.jpeg?resize=768%2C432&amp;ssl=1 768w, https:\/\/i0.wp.com\/cdnoticias.com\/wp-content\/uploads\/2020\/11\/WhatsApp-Image-2020-11-08-at-8.48.31-PM-e1604879428159.jpeg?w=1032&amp;ssl=1 1032w\" sizes=\"auto, (max-width: 800px) 100vw, 800px\" \/><\/p>\n<p>&nbsp;<\/p>\n<p><strong>Es por ello que en la tarde de este domingo se llevaron adelante cinco allanamientos que tuvieron como objetivo domicilios ubicados a pocos metros en s\u00ed<\/strong>. Tal es as\u00ed que todos los procedimientos de dieron en un radio demarcado por las calles 15 y 17, y Grimaldi y Grimaldi bis, de acuerdo con lo que se confi\u00f3 a este portal.<\/p>\n<p>&nbsp;<\/p>\n<p><strong>Las tareas se vieron encabezadas en el lugar por el jefe de la Estaci\u00f3n de Polic\u00eda Departamental Olavarr\u00eda, el comisario Roberto Landoni, y el titular de la comisar\u00eda Primera, Nicol\u00e1s Kette.<\/strong> No obstante, concurri\u00f3 agentes de casi la totalidad de las dependencias del partido, adem\u00e1s del GAD y SubDDI.<\/p>\n<p>&nbsp;<\/p>\n<p>El hecho es investigado desde la fiscal\u00eda en turno, la N\u00b0 4 de la doctora Mar\u00eda Paula Serrano, en actuaciones que en principio se encuentran encuadradas como<strong> \u201cabuso de arma\u201d y \u201clesiones\u201d<\/strong>.<\/p>\n<p>&nbsp;<\/p>\n","protected":false},"excerpt":{"rendered":"<p>Los casos se registraron en la noche del viernes, pero en el cierre de la jornada de este s\u00e1bado volvieron<\/p>\n","protected":false},"author":3,"featured_media":5978,"comment_status":"closed","ping_status":"closed","sticky":false,"template":"","format":"standard","meta":{"_jetpack_memberships_contains_paid_content":false,"footnotes":""},"categories":[5,1],"tags":[],"class_list":["post-5973","post","type-post","status-publish","format-standard","has-post-thumbnail","hentry","category-informacion-general","category-portada"],"jetpack_featured_media_url":"https:\/\/i0.wp.com\/cdnoticias.com\/wp-content\/uploads\/2020\/11\/WhatsApp-Image-2020-11-08-at-8.48.32-PM-e1604879444242.jpeg?fit=1032%2C581&ssl=1","jetpack_sharing_enabled":true,"_links":{"self":[{"href":"https:\/\/cdnoticias.com\/index.php\/wp-json\/wp\/v2\/posts\/5973","targetHints":{"allow":["GET"]}}],"collection":[{"href":"https:\/\/cdnoticias.com\/index.php\/wp-json\/wp\/v2\/posts"}],"about":[{"href":"https:\/\/cdnoticias.com\/index.php\/wp-json\/wp\/v2\/types\/post"}],"author":[{"embeddable":true,"href":"https:\/\/cdnoticias.com\/index.php\/wp-json\/wp\/v2\/users\/3"}],"replies":[{"embeddable":true,"href":"https:\/\/cdnoticias.com\/index.php\/wp-json\/wp\/v2\/comments?post=5973"}],"version-history":[{"count":0,"href":"https:\/\/cdnoticias.com\/index.php\/wp-json\/wp\/v2\/posts\/5973\/revisions"}],"wp:featuredmedia":[{"embeddable":true,"href":"https:\/\/cdnoticias.com\/index.php\/wp-json\/wp\/v2\/media\/5978"}],"wp:attachment":[{"href":"https:\/\/cdnoticias.com\/index.php\/wp-json\/wp\/v2\/media?parent=5973"}],"wp:term":[{"taxonomy":"category","embeddable":true,"href":"https:\/\/cdnoticias.com\/index.php\/wp-json\/wp\/v2\/categories?post=5973"},{"taxonomy":"post_tag","embeddable":true,"href":"https:\/\/cdnoticias.com\/index.php\/wp-json\/wp\/v2\/tags?post=5973"}],"curies":[{"name":"wp","href":"https:\/\/api.w.org\/{rel}","templated":true}]}}