{"id":5970,"date":"2020-11-08T20:13:52","date_gmt":"2020-11-08T23:13:52","guid":{"rendered":"http:\/\/www.centraldenoticias.com.ar\/?p=5970"},"modified":"2020-11-08T21:22:17","modified_gmt":"2020-11-09T00:22:17","slug":"fallecio-el-joven-motociclista-que-habia-chocado-en-pringles-y-dorrego","status":"publish","type":"post","link":"https:\/\/cdnoticias.com\/index.php\/2020\/11\/08\/fallecio-el-joven-motociclista-que-habia-chocado-en-pringles-y-dorrego\/","title":{"rendered":"Falleci\u00f3 el joven motociclista que hab\u00eda chocado en Pringles y Dorrego"},"content":{"rendered":"<p>El fatal episodio se registr\u00f3 en el mismo cruce donde semanas antes hab\u00eda muerto otro motociclista, producto tambi\u00e9n de un siniestro vial.<!--more--><\/p>\n<hr \/>\n<p>En la jornada de este domingo se confirm\u00f3 la muerte de Mateo R\u00edos Duarte, el joven de 18 a\u00f1os que a fines del pasado mes de septiembre hab\u00eda <a href=\"https:\/\/cdnoticias.com\/index.php\/2020\/10\/26\/fuerte-accidente-un-motociclista-fue-trasladado-en-grave-estado-al-hospital\/\" target=\"_blank\" rel=\"noopener\">chocado con su moto contra una camioneta<\/a>, <strong>en un episodio que tuvo como escenario el cruce de avenida Pringles y Dorrego<\/strong>.<\/p>\n<p><img data-recalc-dims=\"1\" loading=\"lazy\" decoding=\"async\" class=\"alignnone size-large wp-image-4909\" src=\"https:\/\/i0.wp.com\/cdnoticias.com\/wp-content\/uploads\/2020\/10\/accidentemotocamion3.jpg?resize=800%2C600&#038;ssl=1\" alt=\"\" width=\"800\" height=\"600\" srcset=\"https:\/\/i0.wp.com\/cdnoticias.com\/wp-content\/uploads\/2020\/10\/accidentemotocamion3.jpg?resize=1024%2C768&amp;ssl=1 1024w, https:\/\/i0.wp.com\/cdnoticias.com\/wp-content\/uploads\/2020\/10\/accidentemotocamion3.jpg?resize=300%2C225&amp;ssl=1 300w, https:\/\/i0.wp.com\/cdnoticias.com\/wp-content\/uploads\/2020\/10\/accidentemotocamion3.jpg?resize=768%2C576&amp;ssl=1 768w, https:\/\/i0.wp.com\/cdnoticias.com\/wp-content\/uploads\/2020\/10\/accidentemotocamion3.jpg?w=1152&amp;ssl=1 1152w\" sizes=\"auto, (max-width: 800px) 100vw, 800px\" \/><\/p>\n<p><strong>El joven permanec\u00eda internado en grave estado desde aquel entonces y en la ma\u00f1ana de este domingo se confirm\u00f3 su fallecimiento.<\/strong> Las actuaciones por el hecho ahora pasaron a estar encuadradas como <strong>\u201chomicidio culposo\u201d<\/strong> y sus restos ser\u00e1n sometidos a las pericias de rigor, todo con la intervenci\u00f3n de la fiscal\u00eda 10, de la doctora Viviana Beyt\u00eda, en turno el d\u00eda de los hechos.<\/p>\n<p>&nbsp;<\/p>\n<p><img data-recalc-dims=\"1\" loading=\"lazy\" decoding=\"async\" class=\"alignnone size-large wp-image-4908\" src=\"https:\/\/i0.wp.com\/cdnoticias.com\/wp-content\/uploads\/2020\/10\/accidentemotocamion2.jpg?resize=800%2C600&#038;ssl=1\" alt=\"\" width=\"800\" height=\"600\" srcset=\"https:\/\/i0.wp.com\/cdnoticias.com\/wp-content\/uploads\/2020\/10\/accidentemotocamion2.jpg?resize=1024%2C768&amp;ssl=1 1024w, https:\/\/i0.wp.com\/cdnoticias.com\/wp-content\/uploads\/2020\/10\/accidentemotocamion2.jpg?resize=300%2C225&amp;ssl=1 300w, https:\/\/i0.wp.com\/cdnoticias.com\/wp-content\/uploads\/2020\/10\/accidentemotocamion2.jpg?resize=768%2C576&amp;ssl=1 768w, https:\/\/i0.wp.com\/cdnoticias.com\/wp-content\/uploads\/2020\/10\/accidentemotocamion2.jpg?w=1152&amp;ssl=1 1152w\" sizes=\"auto, (max-width: 800px) 100vw, 800px\" \/><\/p>\n<p>&nbsp;<\/p>\n<p><strong>Todo ocurri\u00f3 en el inicio de la tarde y en el siniestro se vio implicado tambi\u00e9n un cami\u00f3n Ford F350<\/strong> que, seg\u00fan los testimonios en el lugar y la ubicaci\u00f3n en la que terminaron los rodados, habr\u00eda intentado ingresar a la avenida cuando se produjo el fatal siniestro.<\/p>\n<p>&nbsp;<\/p>\n<p><img data-recalc-dims=\"1\" loading=\"lazy\" decoding=\"async\" class=\"alignnone size-large wp-image-1686\" src=\"https:\/\/i0.wp.com\/cdnoticias.com\/wp-content\/uploads\/2020\/09\/accidenteavpringles01.jpg?resize=800%2C600&#038;ssl=1\" alt=\"\" width=\"800\" height=\"600\" srcset=\"https:\/\/i0.wp.com\/cdnoticias.com\/wp-content\/uploads\/2020\/09\/accidenteavpringles01.jpg?resize=1024%2C768&amp;ssl=1 1024w, https:\/\/i0.wp.com\/cdnoticias.com\/wp-content\/uploads\/2020\/09\/accidenteavpringles01.jpg?resize=300%2C225&amp;ssl=1 300w, https:\/\/i0.wp.com\/cdnoticias.com\/wp-content\/uploads\/2020\/09\/accidenteavpringles01.jpg?resize=768%2C576&amp;ssl=1 768w, https:\/\/i0.wp.com\/cdnoticias.com\/wp-content\/uploads\/2020\/09\/accidenteavpringles01.jpg?w=1152&amp;ssl=1 1152w\" sizes=\"auto, (max-width: 800px) 100vw, 800px\" \/><\/p>\n<p>&nbsp;<\/p>\n<p>Vale recordar que <a href=\"https:\/\/cdnoticias.com\/index.php\/2020\/09\/16\/un-motociclista-resulto-gravemente-herido-en-un-accidente\/\" target=\"_blank\" rel=\"noopener\">un hecho de similares caracter\u00edsticas se registr\u00f3 semanas atr\u00e1s en ese mismo sitio<\/a>, dejando como saldo tambi\u00e9n la muerte de un motociclista. Ese hecho tambi\u00e9n ocurri\u00f3 en septiembre, m\u00e1s precisamente el 16, cuando Marcelo Bayer Armendano, de 32 a\u00f1os, impact\u00f3 contra otro ciclomotor. <a href=\"https:\/\/cdnoticias.com\/index.php\/2020\/09\/17\/murio-el-joven-que-protagonizo-un-violento-choque-de-motos-en-avenida-pringles\/\" target=\"_blank\" rel=\"noopener\">El motociclista perder\u00eda la vida pocos d\u00edas despu\u00e9s<\/a>.<\/p>\n","protected":false},"excerpt":{"rendered":"<p>El fatal episodio se registr\u00f3 en el mismo cruce donde semanas antes hab\u00eda muerto otro motociclista, producto tambi\u00e9n de un<\/p>\n","protected":false},"author":3,"featured_media":4907,"comment_status":"closed","ping_status":"closed","sticky":false,"template":"","format":"standard","meta":{"_jetpack_memberships_contains_paid_content":false,"footnotes":""},"categories":[5,1],"tags":[],"class_list":["post-5970","post","type-post","status-publish","format-standard","has-post-thumbnail","hentry","category-informacion-general","category-portada"],"jetpack_featured_media_url":"https:\/\/i0.wp.com\/cdnoticias.com\/wp-content\/uploads\/2020\/10\/accidentemotocamion1.jpg?fit=1152%2C864&ssl=1","jetpack_sharing_enabled":true,"_links":{"self":[{"href":"https:\/\/cdnoticias.com\/index.php\/wp-json\/wp\/v2\/posts\/5970","targetHints":{"allow":["GET"]}}],"collection":[{"href":"https:\/\/cdnoticias.com\/index.php\/wp-json\/wp\/v2\/posts"}],"about":[{"href":"https:\/\/cdnoticias.com\/index.php\/wp-json\/wp\/v2\/types\/post"}],"author":[{"embeddable":true,"href":"https:\/\/cdnoticias.com\/index.php\/wp-json\/wp\/v2\/users\/3"}],"replies":[{"embeddable":true,"href":"https:\/\/cdnoticias.com\/index.php\/wp-json\/wp\/v2\/comments?post=5970"}],"version-history":[{"count":0,"href":"https:\/\/cdnoticias.com\/index.php\/wp-json\/wp\/v2\/posts\/5970\/revisions"}],"wp:featuredmedia":[{"embeddable":true,"href":"https:\/\/cdnoticias.com\/index.php\/wp-json\/wp\/v2\/media\/4907"}],"wp:attachment":[{"href":"https:\/\/cdnoticias.com\/index.php\/wp-json\/wp\/v2\/media?parent=5970"}],"wp:term":[{"taxonomy":"category","embeddable":true,"href":"https:\/\/cdnoticias.com\/index.php\/wp-json\/wp\/v2\/categories?post=5970"},{"taxonomy":"post_tag","embeddable":true,"href":"https:\/\/cdnoticias.com\/index.php\/wp-json\/wp\/v2\/tags?post=5970"}],"curies":[{"name":"wp","href":"https:\/\/api.w.org\/{rel}","templated":true}]}}