{"id":59684,"date":"2022-07-09T18:45:19","date_gmt":"2022-07-09T21:45:19","guid":{"rendered":"https:\/\/www.centraldenoticias.com.ar\/?p=59684"},"modified":"2022-07-09T18:45:19","modified_gmt":"2022-07-09T21:45:19","slug":"sergio-massa-nuestra-responsabilidad-es-construir-en-unidad-un-futuro-mejor-para-los-argentinos","status":"publish","type":"post","link":"https:\/\/cdnoticias.com\/index.php\/2022\/07\/09\/sergio-massa-nuestra-responsabilidad-es-construir-en-unidad-un-futuro-mejor-para-los-argentinos\/","title":{"rendered":"Sergio Massa: \u201cnuestra responsabilidad es construir en unidad un futuro mejor para los argentinos\u201d"},"content":{"rendered":"<p>En conmemoraci\u00f3n de los 206 a\u00f1os de la declaraci\u00f3n de la independencia nacional, el Presidente de la C\u00e1mara de Diputados abog\u00f3 por construir en base a consensos. <!--more--><\/p>\n<hr \/>\n<p>Junto al presidente Alberto Fern\u00e1ndez, tras finalizar el acto oficial por el aniversario 206 de la declaraci\u00f3n de la independencia argentina, <strong>el presidente de la C\u00e1mara de Diputados de la Naci\u00f3n Sergio Massa ratific\u00f3 que <em>\u201cnuestra responsabilidad es construir en unidad un futuro mejor para los argentinos\u201d.<\/em><\/strong><\/p>\n<p>&nbsp;<\/p>\n<blockquote><p>En ese sentido, Massa se\u00f1al\u00f3 que<em> \u201ctenemos un compromiso, lo que tenemos que hacer es aportar lo mejor para recuperar ese sue\u00f1o de Argentina con movilidad social ascendente. Debemos contarle a la sociedad el camino que elegimos\u201d.<\/em><\/p><\/blockquote>\n<p>&nbsp;<\/p>\n<p>Adem\u00e1s, el l\u00edder de la c\u00e1mara Baja, dijo que <em>\u201ctenemos que tener objetivos claros, argentina tiene un lugar privilegiado en el mundo, es uno de los grandes jugadores en litio, en la industria del conocimiento, contamos con calidad humana, l\u00edder en prote\u00ednas, y eso nos tiene que permitir construir la riqueza que necesitamos para generar mayor cantidad de oportunidades\u201d.<\/em><\/p>\n<p>&nbsp;<\/p>\n<p><img data-recalc-dims=\"1\" loading=\"lazy\" decoding=\"async\" class=\"alignnone size-full wp-image-59685\" src=\"https:\/\/i0.wp.com\/cdnoticias.com\/wp-content\/uploads\/2022\/07\/WhatsApp-Image-2022-07-09-at-6.37.20-PM-1.jpeg?resize=800%2C572&#038;ssl=1\" alt=\"\" width=\"800\" height=\"572\" srcset=\"https:\/\/i0.wp.com\/cdnoticias.com\/wp-content\/uploads\/2022\/07\/WhatsApp-Image-2022-07-09-at-6.37.20-PM-1.jpeg?w=1024&amp;ssl=1 1024w, https:\/\/i0.wp.com\/cdnoticias.com\/wp-content\/uploads\/2022\/07\/WhatsApp-Image-2022-07-09-at-6.37.20-PM-1.jpeg?resize=300%2C214&amp;ssl=1 300w, https:\/\/i0.wp.com\/cdnoticias.com\/wp-content\/uploads\/2022\/07\/WhatsApp-Image-2022-07-09-at-6.37.20-PM-1.jpeg?resize=768%2C549&amp;ssl=1 768w\" sizes=\"auto, (max-width: 800px) 100vw, 800px\" \/><\/p>\n<p>&nbsp;<\/p>\n<p>A la vez, llam\u00f3 a<strong><em> \u201clograr que la agenda del Congreso este orientada en generar trabajo, generar certeza hacia adelante\u201d.<\/em><\/strong><\/p>\n<p>&nbsp;<\/p>\n<p>Por \u00faltimo, Massa reflexion\u00f3 que <em>\u201ceste lugar simboliza derribar muros, la construcci\u00f3n de nuestra independencia e identidad, un sue\u00f1o de naci\u00f3n, y es importante que tengamos la capacidad de seguir con ese sue\u00f1o\u201d.<\/em><\/p>\n","protected":false},"excerpt":{"rendered":"<p>En conmemoraci\u00f3n de los 206 a\u00f1os de la declaraci\u00f3n de la independencia nacional, el Presidente de la C\u00e1mara de Diputados<\/p>\n","protected":false},"author":2,"featured_media":59686,"comment_status":"closed","ping_status":"closed","sticky":false,"template":"","format":"standard","meta":{"_jetpack_memberships_contains_paid_content":false,"footnotes":""},"categories":[6,1],"tags":[],"class_list":["post-59684","post","type-post","status-publish","format-standard","has-post-thumbnail","hentry","category-nacionales","category-portada"],"jetpack_featured_media_url":"https:\/\/i0.wp.com\/cdnoticias.com\/wp-content\/uploads\/2022\/07\/WhatsApp-Image-2022-07-09-at-6.37.20-PM.jpeg?fit=1280%2C854&ssl=1","jetpack_sharing_enabled":true,"_links":{"self":[{"href":"https:\/\/cdnoticias.com\/index.php\/wp-json\/wp\/v2\/posts\/59684","targetHints":{"allow":["GET"]}}],"collection":[{"href":"https:\/\/cdnoticias.com\/index.php\/wp-json\/wp\/v2\/posts"}],"about":[{"href":"https:\/\/cdnoticias.com\/index.php\/wp-json\/wp\/v2\/types\/post"}],"author":[{"embeddable":true,"href":"https:\/\/cdnoticias.com\/index.php\/wp-json\/wp\/v2\/users\/2"}],"replies":[{"embeddable":true,"href":"https:\/\/cdnoticias.com\/index.php\/wp-json\/wp\/v2\/comments?post=59684"}],"version-history":[{"count":0,"href":"https:\/\/cdnoticias.com\/index.php\/wp-json\/wp\/v2\/posts\/59684\/revisions"}],"wp:featuredmedia":[{"embeddable":true,"href":"https:\/\/cdnoticias.com\/index.php\/wp-json\/wp\/v2\/media\/59686"}],"wp:attachment":[{"href":"https:\/\/cdnoticias.com\/index.php\/wp-json\/wp\/v2\/media?parent=59684"}],"wp:term":[{"taxonomy":"category","embeddable":true,"href":"https:\/\/cdnoticias.com\/index.php\/wp-json\/wp\/v2\/categories?post=59684"},{"taxonomy":"post_tag","embeddable":true,"href":"https:\/\/cdnoticias.com\/index.php\/wp-json\/wp\/v2\/tags?post=59684"}],"curies":[{"name":"wp","href":"https:\/\/api.w.org\/{rel}","templated":true}]}}