{"id":59639,"date":"2022-07-09T08:42:13","date_gmt":"2022-07-09T11:42:13","guid":{"rendered":"https:\/\/www.centraldenoticias.com.ar\/?p=59639"},"modified":"2022-07-09T09:38:00","modified_gmt":"2022-07-09T12:38:00","slug":"nuevo-caso-de-abigeato-carnearon-tres-vacas-en-un-campo-ubicado-en-ruta-226","status":"publish","type":"post","link":"https:\/\/cdnoticias.com\/index.php\/2022\/07\/09\/nuevo-caso-de-abigeato-carnearon-tres-vacas-en-un-campo-ubicado-en-ruta-226\/","title":{"rendered":"Nuevo caso de abigeato: carnearon tres vacas en un campo ubicado en ruta 226"},"content":{"rendered":"<p>En el mismo lugar, hace quince d\u00edas, hab\u00edan carneado tres terneros. El establecimiento rural se encuentra ubicado en el kil\u00f3metro 315. <!--more--><\/p>\n<hr \/>\n<p>Durante la noche del jueves se produjo un nuevo hecho de abigeato en el partido de Olavarr\u00eda. En esta oportunidad,<strong> fueron carneadas tres vacas<\/strong> en un establecimiento ubicado en<strong> ruta 226 kil\u00f3metro 315.<\/strong><\/p>\n<p>&nbsp;<\/p>\n<p>Productores rurales indicaron que en ese mismo lugar, <strong>hace 15 d\u00edas hab\u00edan sido carneados tres terneros.<\/strong><\/p>\n<p>&nbsp;<\/p>\n<p>Los casos de abigeato mantienen la preocupaci\u00f3n en el sector. Tal es as\u00ed, que forman parte como tema principal de las distintas reuniones del <a href=\"https:\/\/cdnoticias.com\/index.php\/2021\/07\/06\/con-eje-en-abigeatos-se-reunio-el-consejo-de-seguridad\/\" target=\"_blank\" rel=\"noopener\">Consejo de Seguridad local.<\/a><\/p>\n","protected":false},"excerpt":{"rendered":"<p>En el mismo lugar, hace quince d\u00edas, hab\u00edan carneado tres terneros. El establecimiento rural se encuentra ubicado en el kil\u00f3metro<\/p>\n","protected":false},"author":2,"featured_media":59640,"comment_status":"closed","ping_status":"closed","sticky":false,"template":"","format":"standard","meta":{"_jetpack_memberships_contains_paid_content":false,"footnotes":""},"categories":[14,1],"tags":[],"class_list":["post-59639","post","type-post","status-publish","format-standard","has-post-thumbnail","hentry","category-policiales","category-portada"],"jetpack_featured_media_url":"https:\/\/i0.wp.com\/cdnoticias.com\/wp-content\/uploads\/2022\/07\/abigeato-ruta226.jpg?fit=1280%2C712&ssl=1","jetpack_sharing_enabled":true,"_links":{"self":[{"href":"https:\/\/cdnoticias.com\/index.php\/wp-json\/wp\/v2\/posts\/59639","targetHints":{"allow":["GET"]}}],"collection":[{"href":"https:\/\/cdnoticias.com\/index.php\/wp-json\/wp\/v2\/posts"}],"about":[{"href":"https:\/\/cdnoticias.com\/index.php\/wp-json\/wp\/v2\/types\/post"}],"author":[{"embeddable":true,"href":"https:\/\/cdnoticias.com\/index.php\/wp-json\/wp\/v2\/users\/2"}],"replies":[{"embeddable":true,"href":"https:\/\/cdnoticias.com\/index.php\/wp-json\/wp\/v2\/comments?post=59639"}],"version-history":[{"count":0,"href":"https:\/\/cdnoticias.com\/index.php\/wp-json\/wp\/v2\/posts\/59639\/revisions"}],"wp:featuredmedia":[{"embeddable":true,"href":"https:\/\/cdnoticias.com\/index.php\/wp-json\/wp\/v2\/media\/59640"}],"wp:attachment":[{"href":"https:\/\/cdnoticias.com\/index.php\/wp-json\/wp\/v2\/media?parent=59639"}],"wp:term":[{"taxonomy":"category","embeddable":true,"href":"https:\/\/cdnoticias.com\/index.php\/wp-json\/wp\/v2\/categories?post=59639"},{"taxonomy":"post_tag","embeddable":true,"href":"https:\/\/cdnoticias.com\/index.php\/wp-json\/wp\/v2\/tags?post=59639"}],"curies":[{"name":"wp","href":"https:\/\/api.w.org\/{rel}","templated":true}]}}