{"id":5963,"date":"2020-11-08T18:30:02","date_gmt":"2020-11-08T21:30:02","guid":{"rendered":"http:\/\/www.centraldenoticias.com.ar\/?p=5963"},"modified":"2020-11-08T18:31:15","modified_gmt":"2020-11-08T21:31:15","slug":"covid19-mas-muertes-en-la-region","status":"publish","type":"post","link":"https:\/\/cdnoticias.com\/index.php\/2020\/11\/08\/covid19-mas-muertes-en-la-region\/","title":{"rendered":"Covid19: M\u00e1s muertes en la regi\u00f3n"},"content":{"rendered":"<p>En las \u00faltimas horas se registraron 4 fallecimientos de personas con coronavirus. Tres de esos casos se dieron en Azul. El restante, en Tandil.<\/p>\n<p><!--more--><\/p>\n<hr \/>\n<p><a href=\"https:\/\/cdnoticias.com\/index.php\/2020\/11\/07\/pandemia-tandil-laprida-y-roque-perez-siguen-en-aislamiento\/\" target=\"_blank\" rel=\"noopener\">Mientras el mapa bonaerense se reorganizada entre aislamiento y distanciamiento<\/a>, las novedades enmarcadas en la emergencia sanitaria por coronavirus se siguen registrando. Lamentablemente, <strong>en el transcurso de las \u00faltimas horas se confirmaron m\u00e1s muertes de pacientes en el centro bonaerense.<\/strong><\/p>\n<p>&nbsp;<\/p>\n<p>&nbsp;<\/p>\n<p>Vale recordar que desde hace ya algunas semanas en Olavarr\u00eda no se realizan testeos los domingos, por lo que los datos m\u00e1s recientes son los comunicados el \u00faltimo s\u00e1bado, cuando se detall\u00f3<a href=\"https:\/\/cdnoticias.com\/index.php\/2020\/11\/07\/covid-fallecio-una-paciente-y-se-detectaron-32-nuevos-casos\/\" target=\"_blank\" rel=\"noopener\"> la muerte de una paciente y el registro de algo m\u00e1s de 30 nuevos casos.<\/a><\/p>\n<p>&nbsp;<\/p>\n<p><img data-recalc-dims=\"1\" loading=\"lazy\" decoding=\"async\" class=\"alignnone size-large wp-image-5914\" src=\"https:\/\/i0.wp.com\/cdnoticias.com\/wp-content\/uploads\/2020\/11\/Covid-1.jpeg?resize=800%2C800&#038;ssl=1\" alt=\"\" width=\"800\" height=\"800\" srcset=\"https:\/\/i0.wp.com\/cdnoticias.com\/wp-content\/uploads\/2020\/11\/Covid-1.jpeg?resize=1024%2C1024&amp;ssl=1 1024w, https:\/\/i0.wp.com\/cdnoticias.com\/wp-content\/uploads\/2020\/11\/Covid-1.jpeg?resize=150%2C150&amp;ssl=1 150w, https:\/\/i0.wp.com\/cdnoticias.com\/wp-content\/uploads\/2020\/11\/Covid-1.jpeg?resize=300%2C300&amp;ssl=1 300w, https:\/\/i0.wp.com\/cdnoticias.com\/wp-content\/uploads\/2020\/11\/Covid-1.jpeg?resize=768%2C767&amp;ssl=1 768w, https:\/\/i0.wp.com\/cdnoticias.com\/wp-content\/uploads\/2020\/11\/Covid-1.jpeg?w=1280&amp;ssl=1 1280w\" sizes=\"auto, (max-width: 800px) 100vw, 800px\" \/><\/p>\n<p>&nbsp;<\/p>\n<p>En la regi\u00f3n s\u00ed se han dado novedades y lo m\u00e1s resonante, pero por lo negativo, se dio en Azul. <strong>El municipio vecino comunic\u00f3 que se registraron la muerte de tres pacientes con Covid19 que se hallaban internados en el Hospital Puntos.<\/strong><\/p>\n<p>&nbsp;<\/p>\n<p><img data-recalc-dims=\"1\" loading=\"lazy\" decoding=\"async\" class=\"alignnone size-full wp-image-5966\" src=\"https:\/\/i0.wp.com\/cdnoticias.com\/wp-content\/uploads\/2020\/11\/azul.jpg?resize=800%2C525&#038;ssl=1\" alt=\"\" width=\"800\" height=\"525\" srcset=\"https:\/\/i0.wp.com\/cdnoticias.com\/wp-content\/uploads\/2020\/11\/azul.jpg?w=978&amp;ssl=1 978w, https:\/\/i0.wp.com\/cdnoticias.com\/wp-content\/uploads\/2020\/11\/azul.jpg?resize=300%2C197&amp;ssl=1 300w, https:\/\/i0.wp.com\/cdnoticias.com\/wp-content\/uploads\/2020\/11\/azul.jpg?resize=768%2C504&amp;ssl=1 768w\" sizes=\"auto, (max-width: 800px) 100vw, 800px\" \/><\/p>\n<p>&nbsp;<\/p>\n<p><strong>Se trat\u00f3 de dos mujeres, de 77 y 68 a\u00f1os respectivamente, y un hombre de 68<\/strong>. Con estos fallecimientos Azul cuenta ya con 59 decesos desde el inicio de la pandemia, siendo de los distritos con m\u00e1s muertes de la regi\u00f3n detr\u00e1s de Olavarr\u00eda. A la par, se narr\u00f3 que se detectaron 15 nuevos casos y que son 240 los pacientes activos, 229 de los cuales se encuentran en Azul, 9 en Chillar y 2 en Cachar\u00ed.<\/p>\n<p>&nbsp;<\/p>\n<p>Asimismo,<strong> en Tandil tambi\u00e9n se registr\u00f3 la muerte de una persona que se encontraba internada tras haber dado positivo de Coronavirus. Se trat\u00f3 de un hombre de 89 a\u00f1os<\/strong> y con ese fallecimiento la ciudad serrana tambi\u00e9n contabiliza 59 decesos durante la pandemia.<\/p>\n<p>&nbsp;<\/p>\n<p><img data-recalc-dims=\"1\" loading=\"lazy\" decoding=\"async\" class=\"alignnone size-large wp-image-5964\" src=\"https:\/\/i0.wp.com\/cdnoticias.com\/wp-content\/uploads\/2020\/11\/tandil.jpg?resize=800%2C483&#038;ssl=1\" alt=\"\" width=\"800\" height=\"483\" srcset=\"https:\/\/i0.wp.com\/cdnoticias.com\/wp-content\/uploads\/2020\/11\/tandil.jpg?resize=1024%2C618&amp;ssl=1 1024w, https:\/\/i0.wp.com\/cdnoticias.com\/wp-content\/uploads\/2020\/11\/tandil.jpg?resize=300%2C181&amp;ssl=1 300w, https:\/\/i0.wp.com\/cdnoticias.com\/wp-content\/uploads\/2020\/11\/tandil.jpg?resize=768%2C463&amp;ssl=1 768w, https:\/\/i0.wp.com\/cdnoticias.com\/wp-content\/uploads\/2020\/11\/tandil.jpg?w=1087&amp;ssl=1 1087w\" sizes=\"auto, (max-width: 800px) 100vw, 800px\" \/><\/p>\n<p>&nbsp;<\/p>\n<p>Por otra parte, el Sistema Integrado de Salud P\u00fablica tandilense inform\u00f3 que se detectaron 70 nuevos casos y que son 1100 los pacientes activos.<strong> El distrito serrano cuentas adem\u00e1s con 48 personas hospitalizadas, 16 de las cuales en el \u00e1rea de terapia<\/strong>.<\/p>\n<p>&nbsp;<\/p>\n<p><strong>Al igual que Tandil, Laprida es uno de los distritos que no pudo ingresar en la etapa de distanciamiento debido a su situaci\u00f3n sanitaria<\/strong>. \u00a0En las \u00faltimas horas no ha registrado mayores novedades en su cuadro de situaci\u00f3n dado que no se ha dado el arribo a\u00fan de los testeos realizados a una veintena de personas, adem\u00e1s de no realizarse hisopados nuevos.<\/p>\n<p>&nbsp;<\/p>\n<p><img data-recalc-dims=\"1\" loading=\"lazy\" decoding=\"async\" class=\"alignnone size-full wp-image-5967\" src=\"https:\/\/i0.wp.com\/cdnoticias.com\/wp-content\/uploads\/2020\/11\/laprida.jpg?resize=684%2C425&#038;ssl=1\" alt=\"\" width=\"684\" height=\"425\" srcset=\"https:\/\/i0.wp.com\/cdnoticias.com\/wp-content\/uploads\/2020\/11\/laprida.jpg?w=684&amp;ssl=1 684w, https:\/\/i0.wp.com\/cdnoticias.com\/wp-content\/uploads\/2020\/11\/laprida.jpg?resize=300%2C186&amp;ssl=1 300w\" sizes=\"auto, (max-width: 684px) 100vw, 684px\" \/><\/p>\n<p>&nbsp;<\/p>\n<p>Actualmente son <strong>31 los casos activos y 12 las muertes de personas con Covid19.<\/strong><\/p>\n<p>&nbsp;<\/p>\n<p>Por \u00faltimo, merece la menci\u00f3n la situaci\u00f3n particular de <strong>La Madrid, el distrito que al momento ha atravesado la situaci\u00f3n m\u00e1s favorable de toda la regi\u00f3n, al punto que s\u00f3lo ha contabilizado 31 pacientes desde marzo, 8 de los cuales actualmente se encuentran activos<\/strong>.<\/p>\n<p>&nbsp;<\/p>\n<p><img data-recalc-dims=\"1\" loading=\"lazy\" decoding=\"async\" class=\"alignnone size-full wp-image-5965\" src=\"https:\/\/i0.wp.com\/cdnoticias.com\/wp-content\/uploads\/2020\/11\/la-madrid.jpg?resize=608%2C354&#038;ssl=1\" alt=\"\" width=\"608\" height=\"354\" srcset=\"https:\/\/i0.wp.com\/cdnoticias.com\/wp-content\/uploads\/2020\/11\/la-madrid.jpg?w=608&amp;ssl=1 608w, https:\/\/i0.wp.com\/cdnoticias.com\/wp-content\/uploads\/2020\/11\/la-madrid.jpg?resize=300%2C175&amp;ssl=1 300w\" sizes=\"auto, (max-width: 608px) 100vw, 608px\" \/><\/p>\n<p>&nbsp;<\/p>\n<p>En las ultimas horas no se registraron casos positivos pero s\u00ed <strong>un caso sospechoso, que hace que sean 15 los casos en estudio<\/strong>.<\/p>\n","protected":false},"excerpt":{"rendered":"<p>En las \u00faltimas horas se registraron 4 fallecimientos de personas con coronavirus. Tres de esos casos se dieron en Azul.<\/p>\n","protected":false},"author":3,"featured_media":845,"comment_status":"closed","ping_status":"closed","sticky":false,"template":"","format":"standard","meta":{"_jetpack_memberships_contains_paid_content":false,"footnotes":""},"categories":[6,1],"tags":[],"class_list":["post-5963","post","type-post","status-publish","format-standard","has-post-thumbnail","hentry","category-nacionales","category-portada"],"jetpack_featured_media_url":"https:\/\/i0.wp.com\/cdnoticias.com\/wp-content\/uploads\/2020\/09\/HospitalPintosAzul.jpg?fit=1731%2C1155&ssl=1","jetpack_sharing_enabled":true,"_links":{"self":[{"href":"https:\/\/cdnoticias.com\/index.php\/wp-json\/wp\/v2\/posts\/5963","targetHints":{"allow":["GET"]}}],"collection":[{"href":"https:\/\/cdnoticias.com\/index.php\/wp-json\/wp\/v2\/posts"}],"about":[{"href":"https:\/\/cdnoticias.com\/index.php\/wp-json\/wp\/v2\/types\/post"}],"author":[{"embeddable":true,"href":"https:\/\/cdnoticias.com\/index.php\/wp-json\/wp\/v2\/users\/3"}],"replies":[{"embeddable":true,"href":"https:\/\/cdnoticias.com\/index.php\/wp-json\/wp\/v2\/comments?post=5963"}],"version-history":[{"count":0,"href":"https:\/\/cdnoticias.com\/index.php\/wp-json\/wp\/v2\/posts\/5963\/revisions"}],"wp:featuredmedia":[{"embeddable":true,"href":"https:\/\/cdnoticias.com\/index.php\/wp-json\/wp\/v2\/media\/845"}],"wp:attachment":[{"href":"https:\/\/cdnoticias.com\/index.php\/wp-json\/wp\/v2\/media?parent=5963"}],"wp:term":[{"taxonomy":"category","embeddable":true,"href":"https:\/\/cdnoticias.com\/index.php\/wp-json\/wp\/v2\/categories?post=5963"},{"taxonomy":"post_tag","embeddable":true,"href":"https:\/\/cdnoticias.com\/index.php\/wp-json\/wp\/v2\/tags?post=5963"}],"curies":[{"name":"wp","href":"https:\/\/api.w.org\/{rel}","templated":true}]}}