{"id":59621,"date":"2022-07-10T10:01:27","date_gmt":"2022-07-10T13:01:27","guid":{"rendered":"https:\/\/www.centraldenoticias.com.ar\/?p=59621"},"modified":"2022-07-10T10:01:27","modified_gmt":"2022-07-10T13:01:27","slug":"nueva-campana-de-recoleccion-de-basura-electronica-2","status":"publish","type":"post","link":"https:\/\/cdnoticias.com\/index.php\/2022\/07\/10\/nueva-campana-de-recoleccion-de-basura-electronica-2\/","title":{"rendered":"Nueva campa\u00f1a de recolecci\u00f3n de basura electr\u00f3nica"},"content":{"rendered":"<p>Ser\u00e1 el mi\u00e9rcoles 13 de julio en el Ecopunto del Parque Avellaneda. Los detalles. <!--more--><\/p>\n<hr \/>\n<p>&nbsp;<\/p>\n<p>Desde la Secretar\u00eda de Desarrollo Econ\u00f3mico, a trav\u00e9s de la Direcci\u00f3n de Desarrollo Sustentable, se inform\u00f3 que el pr\u00f3ximo <strong>mi\u00e9rcoles 13 de julio se realizar\u00e1 una nueva campa\u00f1a de recolecci\u00f3n de Residuos de Aparatos El\u00e9ctricos y Electr\u00f3nicos<\/strong>, com\u00fanmente denominados <strong>basura electr\u00f3nica.<\/strong><\/p>\n<p>&nbsp;<\/p>\n<p>En esta ocasi\u00f3n la jornada<strong> se realizar\u00e1 en el Ecopunto del Parque Avellaneda,<\/strong> en el horario de <strong>12:00 a 15:00<\/strong>.<strong> Se suspender\u00e1 en caso de lluvia.<\/strong><\/p>\n<p>&nbsp;<\/p>\n<p>La campa\u00f1a se enmarca dentro del Programa DRTD (Disposici\u00f3n y Reutilizaci\u00f3n de Tecnolog\u00edas en Desuso) del Ministerio de Justicia, que tiene como objeto principal &#8220;el <strong>reciclado de aquellos aparatos o equipos electr\u00f3nicos de consumo que est\u00e1n da\u00f1ados o ya no son utilizados<\/strong>, para as\u00ed <strong>mitigar los da\u00f1os que producen estos residuos al ambiente&#8221;<\/strong>.<\/p>\n<p>&nbsp;<\/p>\n<p><strong>Los residuos que se reciben son<\/strong>: computadoras, impresoras, monitores, celulares, televisores, centrales telef\u00f3nicas, routers, electrodom\u00e9sticos peque\u00f1os, radios, videoc\u00e1maras, relojes y videojuegos.<\/p>\n<p>&nbsp;<\/p>\n<p><strong>No se recibir\u00e1n<\/strong>: heladeras, lavarropas, cocinas, lavavajillas, tonners, bater\u00edas, pilas y l\u00e1mparas.<\/p>\n<p>&nbsp;<\/p>\n<p>Para m\u00e1s informaci\u00f3n se pueden comunicar con la Direcci\u00f3n de Desarrollo Sustentable al 412600 o al Instagram: Desarrollo Sustentable Olavarr\u00eda.<\/p>\n","protected":false},"excerpt":{"rendered":"<p>Ser\u00e1 el mi\u00e9rcoles 13 de julio en el Ecopunto del Parque Avellaneda. Los detalles.<\/p>\n","protected":false},"author":6,"featured_media":59622,"comment_status":"closed","ping_status":"closed","sticky":false,"template":"","format":"standard","meta":{"_jetpack_memberships_contains_paid_content":false,"footnotes":""},"categories":[5,1],"tags":[],"class_list":["post-59621","post","type-post","status-publish","format-standard","has-post-thumbnail","hentry","category-informacion-general","category-portada"],"jetpack_featured_media_url":"https:\/\/i0.wp.com\/cdnoticias.com\/wp-content\/uploads\/2022\/07\/DE-Basura-Electronica-1024x682-1.jpg?fit=1024%2C682&ssl=1","jetpack_sharing_enabled":true,"_links":{"self":[{"href":"https:\/\/cdnoticias.com\/index.php\/wp-json\/wp\/v2\/posts\/59621","targetHints":{"allow":["GET"]}}],"collection":[{"href":"https:\/\/cdnoticias.com\/index.php\/wp-json\/wp\/v2\/posts"}],"about":[{"href":"https:\/\/cdnoticias.com\/index.php\/wp-json\/wp\/v2\/types\/post"}],"author":[{"embeddable":true,"href":"https:\/\/cdnoticias.com\/index.php\/wp-json\/wp\/v2\/users\/6"}],"replies":[{"embeddable":true,"href":"https:\/\/cdnoticias.com\/index.php\/wp-json\/wp\/v2\/comments?post=59621"}],"version-history":[{"count":0,"href":"https:\/\/cdnoticias.com\/index.php\/wp-json\/wp\/v2\/posts\/59621\/revisions"}],"wp:featuredmedia":[{"embeddable":true,"href":"https:\/\/cdnoticias.com\/index.php\/wp-json\/wp\/v2\/media\/59622"}],"wp:attachment":[{"href":"https:\/\/cdnoticias.com\/index.php\/wp-json\/wp\/v2\/media?parent=59621"}],"wp:term":[{"taxonomy":"category","embeddable":true,"href":"https:\/\/cdnoticias.com\/index.php\/wp-json\/wp\/v2\/categories?post=59621"},{"taxonomy":"post_tag","embeddable":true,"href":"https:\/\/cdnoticias.com\/index.php\/wp-json\/wp\/v2\/tags?post=59621"}],"curies":[{"name":"wp","href":"https:\/\/api.w.org\/{rel}","templated":true}]}}