{"id":59582,"date":"2022-07-08T17:29:52","date_gmt":"2022-07-08T20:29:52","guid":{"rendered":"https:\/\/www.centraldenoticias.com.ar\/?p=59582"},"modified":"2022-07-08T17:29:52","modified_gmt":"2022-07-08T20:29:52","slug":"se-presento-el-mapa-nacional-de-la-discriminacion-en-olavarria","status":"publish","type":"post","link":"https:\/\/cdnoticias.com\/index.php\/2022\/07\/08\/se-presento-el-mapa-nacional-de-la-discriminacion-en-olavarria\/","title":{"rendered":"Se present\u00f3 el Mapa Nacional de la Discriminaci\u00f3n en Olavarr\u00eda"},"content":{"rendered":"<p>Es un relevamiento que realiza peri\u00f3dicamente el INADI con el objetivo de producir conocimiento sobre las formas en que se expresa la discriminaci\u00f3n en Argentina.<!--more--><\/p>\n<hr \/>\n<p>&nbsp;<\/p>\n<p>Ante un importante marco de p\u00fablico, autoridades de la <strong>Facultad de Ciencias Sociales e INADI<\/strong> y representantes del <strong>Programa Permanente de Estudios de la Mujer<\/strong> (FACSO) presentaron el relevamiento realizado a nivel regional y los resultados de la <strong>tercera edici\u00f3n del Mapa Nacional de la Discriminaci\u00f3n.<\/strong><\/p>\n<p>&nbsp;<\/p>\n<p>El informe del Instituto Nacional contra la Discriminaci\u00f3n, la Xenofobia y el Racismo (INADI) fue presentado en el <strong>Centro Cultural Universitario<\/strong> de Olavarr\u00eda por el Secretario de Extensi\u00f3n de la FACSO, Lic. <strong>Nicol\u00e1s Casado<\/strong>; el Subdelegado Regional de INADI, <strong>Norberto Almeida<\/strong>; y en representaci\u00f3n de PPEM, Tec. <strong>Griselda Astudillo<\/strong> y Lic. <strong>Suyai Compagnon<\/strong>.<\/p>\n<p>&nbsp;<\/p>\n<p>Adem\u00e1s, estuvieron presentes autoridades de FACSO, encabezadas por la decana, Lic. Gabriela Gamberini, y de otras unidades acad\u00e9micas de UNICEN; estudiantes de sexto a\u00f1o del Colegio Estrada, censistas que participaron del relevamiento realizado a nivel regional en el a\u00f1o 2018 y p\u00fablico en general.<\/p>\n<p>&nbsp;<\/p>\n<p>El <strong>Mapa Nacional de la Discriminaci\u00f3n<\/strong> es un <strong>relevamiento que realiza peri\u00f3dicamente el INADI<\/strong> con el objetivo de producir conocimiento sobre las formas en que se expresa la<strong> discriminaci\u00f3n en Argentina<\/strong>; para lo que articula con universidades y facultades del pa\u00eds.<\/p>\n<p>&nbsp;<\/p>\n<p><img data-recalc-dims=\"1\" loading=\"lazy\" decoding=\"async\" class=\"aligncenter wp-image-59585 size-large\" src=\"https:\/\/i0.wp.com\/cdnoticias.com\/wp-content\/uploads\/2022\/07\/Presentacion-Mapa-1.jpeg?resize=800%2C534&#038;ssl=1\" alt=\"\" width=\"800\" height=\"534\" srcset=\"https:\/\/i0.wp.com\/cdnoticias.com\/wp-content\/uploads\/2022\/07\/Presentacion-Mapa-1.jpeg?resize=1024%2C683&amp;ssl=1 1024w, https:\/\/i0.wp.com\/cdnoticias.com\/wp-content\/uploads\/2022\/07\/Presentacion-Mapa-1.jpeg?resize=300%2C200&amp;ssl=1 300w, https:\/\/i0.wp.com\/cdnoticias.com\/wp-content\/uploads\/2022\/07\/Presentacion-Mapa-1.jpeg?resize=768%2C512&amp;ssl=1 768w, https:\/\/i0.wp.com\/cdnoticias.com\/wp-content\/uploads\/2022\/07\/Presentacion-Mapa-1.jpeg?resize=272%2C182&amp;ssl=1 272w, https:\/\/i0.wp.com\/cdnoticias.com\/wp-content\/uploads\/2022\/07\/Presentacion-Mapa-1.jpeg?w=1280&amp;ssl=1 1280w\" sizes=\"auto, (max-width: 800px) 100vw, 800px\" \/><\/p>\n<p>&nbsp;<\/p>\n<p>En el caso de la UNICEN, el la tercera edici\u00f3n particip\u00f3 a trav\u00e9s de la Secretar\u00eda de Extensi\u00f3n de Rectorado y la conformaci\u00f3n de un equipo de la Facultad de Ciencias Sociales y PPEM-FACSO.<\/p>\n<p>&nbsp;<\/p>\n<p>De manera inicial, el <strong>Lic. Casado<\/strong> resalt\u00f3 la importancia de que \u201cla Facultad de Ciencias Sociales y la Universidad Nacional del Centro hayan podido formar parte de una experiencia que fue sumamente enriquecedora, en un proceso en el que aprendimos mucho\u201d. Adem\u00e1s, destac\u00f3 el rol que cumpli\u00f3 el equipo del Programa Permanente de Estudios de la Mujer, la labor de quienes se sumaron para realizar los relevamientos en las ciudades de la regi\u00f3n y el trabajo coordinado con INADI.<\/p>\n<p>&nbsp;<\/p>\n<p><img data-recalc-dims=\"1\" loading=\"lazy\" decoding=\"async\" class=\"aligncenter wp-image-59586 size-large\" src=\"https:\/\/i0.wp.com\/cdnoticias.com\/wp-content\/uploads\/2022\/07\/Presentacion-Mapa-4.jpeg?resize=800%2C505&#038;ssl=1\" alt=\"\" width=\"800\" height=\"505\" srcset=\"https:\/\/i0.wp.com\/cdnoticias.com\/wp-content\/uploads\/2022\/07\/Presentacion-Mapa-4.jpeg?resize=1024%2C646&amp;ssl=1 1024w, https:\/\/i0.wp.com\/cdnoticias.com\/wp-content\/uploads\/2022\/07\/Presentacion-Mapa-4.jpeg?resize=300%2C189&amp;ssl=1 300w, https:\/\/i0.wp.com\/cdnoticias.com\/wp-content\/uploads\/2022\/07\/Presentacion-Mapa-4.jpeg?resize=768%2C484&amp;ssl=1 768w, https:\/\/i0.wp.com\/cdnoticias.com\/wp-content\/uploads\/2022\/07\/Presentacion-Mapa-4.jpeg?w=1280&amp;ssl=1 1280w\" sizes=\"auto, (max-width: 800px) 100vw, 800px\" \/><\/p>\n<p>&nbsp;<\/p>\n<p>Posteriormente, <strong>Norberto Almeida<\/strong> dio detalles de una serie de datos que se desprenden de la tercera edici\u00f3n del Mapa Nacional de la Discriminaci\u00f3n en relaci\u00f3n a sus ediciones previas. \u201cEste Mapa nos permite generar pol\u00edticas p\u00fablicas sobre las situaciones que se detectan y adem\u00e1s <strong>conocer la situaci\u00f3n de la discriminaci\u00f3n en todo el pa\u00eds<\/strong>\u201d, refiri\u00f3 el referente de INADI. Adem\u00e1s, analiz\u00f3 las estad\u00edsticas que se desprenden de las denuncias realizadas a trav\u00e9s de la L\u00ednea 168.<\/p>\n<p>&nbsp;<\/p>\n<p><strong>Relevamiento regional<\/strong><\/p>\n<p>&nbsp;<\/p>\n<p>A su turno, Griselda Astudillo y Suyai Compagnon detallaron de qu\u00e9 forma se realiz\u00f3 el <strong>relevamiento de 800 encuestas<\/strong> en las localidades de Azul, Bah\u00eda Blanca, Mar del Plata, Necochea, Olavarr\u00eda, Tandil y Tres Arroyos, en el que participaron 32 encuestadores\/as. El equipo de PPEM que particip\u00f3 del trabajo de campo estuvo integrado adem\u00e1s por Celeste B\u00f3rmida, Yanina B\u00f3rmida, Melina Escobedo, Carolina Planes y Silvana Valente.<\/p>\n<p>&nbsp;<\/p>\n<p>Las integrantes de PPEM explicaron que <strong>el an\u00e1lisis que se realiz\u00f3 en las 7 localidades designadas fue realizado con perspectiva de g\u00e9nero<\/strong>. Luego de describir la metodolog\u00eda del relevamiento, analizaron los datos desprendidos de las 800 encuestas realizadas y compararon los resultados con las estad\u00edsticas a nivel nacional.<\/p>\n<p>&nbsp;<\/p>\n<p><img data-recalc-dims=\"1\" loading=\"lazy\" decoding=\"async\" class=\"aligncenter wp-image-59587 size-large\" src=\"https:\/\/i0.wp.com\/cdnoticias.com\/wp-content\/uploads\/2022\/07\/Presentacion-Mapa-2-1.jpeg?resize=800%2C444&#038;ssl=1\" alt=\"\" width=\"800\" height=\"444\" srcset=\"https:\/\/i0.wp.com\/cdnoticias.com\/wp-content\/uploads\/2022\/07\/Presentacion-Mapa-2-1.jpeg?resize=1024%2C568&amp;ssl=1 1024w, https:\/\/i0.wp.com\/cdnoticias.com\/wp-content\/uploads\/2022\/07\/Presentacion-Mapa-2-1.jpeg?resize=300%2C166&amp;ssl=1 300w, https:\/\/i0.wp.com\/cdnoticias.com\/wp-content\/uploads\/2022\/07\/Presentacion-Mapa-2-1.jpeg?resize=768%2C426&amp;ssl=1 768w, https:\/\/i0.wp.com\/cdnoticias.com\/wp-content\/uploads\/2022\/07\/Presentacion-Mapa-2-1.jpeg?resize=800%2C445&amp;ssl=1 800w, https:\/\/i0.wp.com\/cdnoticias.com\/wp-content\/uploads\/2022\/07\/Presentacion-Mapa-2-1.jpeg?w=1280&amp;ssl=1 1280w\" sizes=\"auto, (max-width: 800px) 100vw, 800px\" \/><\/p>\n<p>&nbsp;<\/p>\n<p>As\u00ed, destacaron que mientras que a <strong>nivel nacional el 28% de las personas<\/strong> refiere<strong> no haber experimentado nunca una situaci\u00f3n de discriminaci\u00f3n<\/strong>, a <strong>nivel regional este porcentaje sube a un 53%.<\/strong><\/p>\n<p>&nbsp;<\/p>\n<p>Adem\u00e1s, tanto a <strong>nivel nacional como a regional<\/strong> se detect\u00f3 que el<strong> primer \u00e1mbito en el que mayor discriminaci\u00f3n se sufre ha sido en el educativo<\/strong>.<\/p>\n<p>&nbsp;<\/p>\n<p>A <strong>nivel nacional es seguido por el \u00e1mbito laboral y la v\u00eda p\u00fablica<\/strong>; mientras que en <strong>la regi\u00f3n se mantiene este mismo orden para las mujeres,<\/strong> mientras que para los varones se invierte.<\/p>\n<p>&nbsp;<\/p>\n<p>En cuanto a los <strong>tipos de discriminaci\u00f3n<\/strong>, mientras que a nivel nacional la categor\u00eda racismo estructural (40%) ocupa el primer lugar seguido de corporalidades diversas (38%), a nivel regional se invierte el orden (45,2% y 40,9%).<\/p>\n<p>&nbsp;<\/p>\n<p>Por \u00faltimo, describieron que en el informe presentado en el a\u00f1o 2019 al INADI se hicieron una serie de sugerencias de cara al pr\u00f3ximo relevamiento, como darle continuidad a las preguntas vinculadas a la situaci\u00f3n de g\u00e9nero e incorporar t\u00e9cnicas metodol\u00f3gicas de car\u00e1cter cualitativo con la que se enriquezca el an\u00e1lisis. M\u00e1s detalles del informe presentado.<\/p>\n<p>&nbsp;<\/p>\n<p>Al cierre del encuentro, se entregaron los certificados a quienes participaron del relevamiento realizado en el a\u00f1o 2018.<\/p>\n","protected":false},"excerpt":{"rendered":"<p>Es un relevamiento que realiza peri\u00f3dicamente el INADI con el objetivo de producir conocimiento sobre las formas en que se<\/p>\n","protected":false},"author":6,"featured_media":59584,"comment_status":"closed","ping_status":"closed","sticky":false,"template":"","format":"standard","meta":{"_jetpack_memberships_contains_paid_content":false,"footnotes":""},"categories":[5,1],"tags":[],"class_list":["post-59582","post","type-post","status-publish","format-standard","has-post-thumbnail","hentry","category-informacion-general","category-portada"],"jetpack_featured_media_url":"https:\/\/i0.wp.com\/cdnoticias.com\/wp-content\/uploads\/2022\/07\/Presentacion-Mapa-5.jpeg?fit=1280%2C752&ssl=1","jetpack_sharing_enabled":true,"_links":{"self":[{"href":"https:\/\/cdnoticias.com\/index.php\/wp-json\/wp\/v2\/posts\/59582","targetHints":{"allow":["GET"]}}],"collection":[{"href":"https:\/\/cdnoticias.com\/index.php\/wp-json\/wp\/v2\/posts"}],"about":[{"href":"https:\/\/cdnoticias.com\/index.php\/wp-json\/wp\/v2\/types\/post"}],"author":[{"embeddable":true,"href":"https:\/\/cdnoticias.com\/index.php\/wp-json\/wp\/v2\/users\/6"}],"replies":[{"embeddable":true,"href":"https:\/\/cdnoticias.com\/index.php\/wp-json\/wp\/v2\/comments?post=59582"}],"version-history":[{"count":0,"href":"https:\/\/cdnoticias.com\/index.php\/wp-json\/wp\/v2\/posts\/59582\/revisions"}],"wp:featuredmedia":[{"embeddable":true,"href":"https:\/\/cdnoticias.com\/index.php\/wp-json\/wp\/v2\/media\/59584"}],"wp:attachment":[{"href":"https:\/\/cdnoticias.com\/index.php\/wp-json\/wp\/v2\/media?parent=59582"}],"wp:term":[{"taxonomy":"category","embeddable":true,"href":"https:\/\/cdnoticias.com\/index.php\/wp-json\/wp\/v2\/categories?post=59582"},{"taxonomy":"post_tag","embeddable":true,"href":"https:\/\/cdnoticias.com\/index.php\/wp-json\/wp\/v2\/tags?post=59582"}],"curies":[{"name":"wp","href":"https:\/\/api.w.org\/{rel}","templated":true}]}}