{"id":59556,"date":"2022-07-08T14:12:32","date_gmt":"2022-07-08T17:12:32","guid":{"rendered":"https:\/\/www.centraldenoticias.com.ar\/?p=59556"},"modified":"2022-07-08T19:00:50","modified_gmt":"2022-07-08T22:00:50","slug":"el-hospital-ya-cuenta-con-un-vacunatorio-en-nuevas-instalaciones","status":"publish","type":"post","link":"https:\/\/cdnoticias.com\/index.php\/2022\/07\/08\/el-hospital-ya-cuenta-con-un-vacunatorio-en-nuevas-instalaciones\/","title":{"rendered":"El Hospital ya cuenta con un vacunatorio en nuevas instalaciones"},"content":{"rendered":"<p>Ezequiel Galli inaugur\u00f3 la sede y aprovech\u00f3 la ocasi\u00f3n: recibi\u00f3 la dosis de antigripal. Se accede desde calle Rivadavia, es para adultos y pedi\u00e1tricos, cuenta con dos salas para aplicaciones y sala de espera.<!--more--><\/p>\n<hr \/>\n<p><strong>\u201cLa vacunaci\u00f3n es una de las intervenciones que mayor beneficio otorgan a la salud p\u00fablica, protegiendo no s\u00f3lo al paciente inmunizado, sino que tambi\u00e9n permite cuidar a los que los rodean\u201d<\/strong> se destac\u00f3 desde el Municipio este viernes en el marco de la <strong>inauguraci\u00f3n del vacunatorio del Hospital Municipal<\/strong>.<\/p>\n<p>&nbsp;<\/p>\n<p><strong>Olavarr\u00eda cuenta con un gran n\u00famero de postas de vacunaci\u00f3n,<\/strong> incluyendo 24 Centros de Atenci\u00f3n Primaria de la Salud, Hospital de Sierras Bayas, Hospital de Hinojo, Hospital de Espigas y Centro de Inmunizaciones \u201cBanco de Leche\u201d. Con excepci\u00f3n de este \u00faltimo, <strong>la mayor\u00eda de los centros tiene una ubicaci\u00f3n perif\u00e9rica, por lo que para las autoridades sanitarias resultaba necesario fortalecer el vacunatorio del Hospital Municipal \u201cDr. H\u00e9ctor M. Cura\u201d<\/strong>.<\/p>\n<p>&nbsp;<\/p>\n<p><strong>De all\u00ed surgi\u00f3 el proyecto de ampliaci\u00f3n y modernizaci\u00f3n de un nuevo sector de vacunaci\u00f3n<\/strong>, accesible a toda la poblaci\u00f3n adulta y pedi\u00e1trica, que cuenta con dos salas de vacunaci\u00f3n, sala de espera, ingreso independiente, mobiliario nuevo e instalaciones adecuadas.<\/p>\n<p>&nbsp;<\/p>\n<p><img data-recalc-dims=\"1\" loading=\"lazy\" decoding=\"async\" class=\"size-full wp-image-59561 aligncenter\" src=\"https:\/\/i0.wp.com\/cdnoticias.com\/wp-content\/uploads\/2022\/07\/galli-vacunacion.jpg?resize=800%2C445&#038;ssl=1\" alt=\"\" width=\"800\" height=\"445\" srcset=\"https:\/\/i0.wp.com\/cdnoticias.com\/wp-content\/uploads\/2022\/07\/galli-vacunacion.jpg?w=800&amp;ssl=1 800w, https:\/\/i0.wp.com\/cdnoticias.com\/wp-content\/uploads\/2022\/07\/galli-vacunacion.jpg?resize=300%2C167&amp;ssl=1 300w, https:\/\/i0.wp.com\/cdnoticias.com\/wp-content\/uploads\/2022\/07\/galli-vacunacion.jpg?resize=768%2C427&amp;ssl=1 768w\" sizes=\"auto, (max-width: 800px) 100vw, 800px\" \/><\/p>\n<p>&nbsp;<\/p>\n<p><strong>El nuevo espacio fue inaugurado este viernes por la ma\u00f1ana<\/strong>, en el marco de <em>un acto encabezado por el intendente Ezequiel Galli, el secretario de Salud Germ\u00e1n Caputo, la directora del Hospital Municipal Silvina Guanuco y la directora de Epidemiolog\u00eda e Inmunizaciones Mar\u00eda del Carmen Weis<\/em>, junto a dem\u00e1s funcionarios del gabinete municipal. Participaron asimismo profesionales y referentes de distintas \u00e1reas: <em>Roxana Della Maggiora, Mariana Diamanti, Romina Casella y personal del Servicio de Pediatr\u00eda<\/em>.<\/p>\n<p>&nbsp;<\/p>\n<blockquote><p>El nuevo vacunatorio funciona de lunes a jueves de 8 a 14:30 horas y viernes de 8 a 14 horas en instalaciones del SUM de Pediatr\u00eda que fue remodelado, con una inversi\u00f3n de $800.000.<\/p><\/blockquote>\n<p>&nbsp;<\/p>\n<p>[soliloquy id=&#8221;59562&#8243;]<\/p>\n<p>&nbsp;<\/p>\n<p>La remodelaci\u00f3n comprendi\u00f3 la construcci\u00f3n de <strong>nuevos boxes<\/strong> con durlock, la adquisici\u00f3n de <strong>mobiliario para el sector de recepci\u00f3n<\/strong>, la incorporaci\u00f3n de <strong>camillas de vacunaci\u00f3n<\/strong> y el <strong>reacondicionamiento de la sala de estar<\/strong>.<\/p>\n<p>&nbsp;<\/p>\n<p>El <strong>corte de cintas<\/strong> para dejar formalmente inaugurado el espacio, estuvo a cargo de intendente Ezequiel Galli, el secretario Caputo, la directora Guanuco y la directora de Epidemiolog\u00eda e Inmunizaciones Mar\u00eda del Carmen Weis.<\/p>\n<p>&nbsp;<\/p>\n<p><img data-recalc-dims=\"1\" loading=\"lazy\" decoding=\"async\" class=\"size-full wp-image-59560 aligncenter\" src=\"https:\/\/i0.wp.com\/cdnoticias.com\/wp-content\/uploads\/2022\/07\/entrega-de-vehiculos-01.jpg?resize=800%2C445&#038;ssl=1\" alt=\"\" width=\"800\" height=\"445\" srcset=\"https:\/\/i0.wp.com\/cdnoticias.com\/wp-content\/uploads\/2022\/07\/entrega-de-vehiculos-01.jpg?w=800&amp;ssl=1 800w, https:\/\/i0.wp.com\/cdnoticias.com\/wp-content\/uploads\/2022\/07\/entrega-de-vehiculos-01.jpg?resize=300%2C167&amp;ssl=1 300w, https:\/\/i0.wp.com\/cdnoticias.com\/wp-content\/uploads\/2022\/07\/entrega-de-vehiculos-01.jpg?resize=768%2C427&amp;ssl=1 768w\" sizes=\"auto, (max-width: 800px) 100vw, 800px\" \/><\/p>\n<p>&nbsp;<\/p>\n<p>&nbsp;<\/p>\n<blockquote><p>\u201cEl nuevo vacunatorio, si bien est\u00e1 dentro del \u00e1rea de Pediatr\u00eda, es para toda la poblaci\u00f3n, embarazadas, chiquitos y adultos. Tambi\u00e9n va a cubrir un \u00e1rea dentro de este sector donde no hab\u00eda otro puesto de vacunaci\u00f3n\u201d, destac\u00f3 la directora de Epidemiolog\u00eda e Inmunizaciones Dra. Mar\u00eda del Carmen Weis.<\/p><\/blockquote>\n<p>&nbsp;<\/p>\n<p>La Dra. Weis inst\u00f3 a actualizar el plan de vacunaci\u00f3n y a seguir cuid\u00e1ndonos entre todos. <strong>\u201cLos esperamos e invitamos a toda la comunidad a acercarse a este puesto de vacunaci\u00f3n para completar esquemas, si tienen dudas o para acercarse y vacunarse\u201d<\/strong>, concluy\u00f3.<\/p>\n<p>&nbsp;<\/p>\n<blockquote class=\"instagram-media\" style=\"background: #FFF; border: 0; border-radius: 3px; box-shadow: 0 0 1px 0 rgba(0,0,0,0.5),0 1px 10px 0 rgba(0,0,0,0.15); margin: 1px; max-width: 540px; min-width: 326px; padding: 0; width: calc(100% - 2px);\" data-instgrm-captioned=\"\" data-instgrm-permalink=\"https:\/\/www.instagram.com\/reel\/CfwOT0aA_nv\/?utm_source=ig_embed&amp;utm_campaign=loading\" data-instgrm-version=\"14\">\n<div style=\"padding: 16px;\">\n<p>&nbsp;<\/p>\n<div style=\"display: flex; flex-direction: row; align-items: center;\">\n<div style=\"background-color: #f4f4f4; border-radius: 50%; flex-grow: 0; height: 40px; margin-right: 14px; width: 40px;\"><\/div>\n<div style=\"display: flex; flex-direction: column; flex-grow: 1; justify-content: center;\">\n<div style=\"background-color: #f4f4f4; border-radius: 4px; flex-grow: 0; height: 14px; margin-bottom: 6px; width: 100px;\"><\/div>\n<div style=\"background-color: #f4f4f4; border-radius: 4px; flex-grow: 0; height: 14px; width: 60px;\"><\/div>\n<\/div>\n<\/div>\n<div style=\"padding: 19% 0;\"><\/div>\n<div style=\"display: block; height: 50px; margin: 0 auto 12px; width: 50px;\"><\/div>\n<div style=\"padding-top: 8px;\">\n<div style=\"color: #3897f0; font-family: Arial,sans-serif; font-size: 14px; font-style: normal; font-weight: 550; line-height: 18px;\">Ver esta publicaci\u00f3n en Instagram<\/div>\n<\/div>\n<div style=\"padding: 12.5% 0;\"><\/div>\n<div style=\"display: flex; flex-direction: row; margin-bottom: 14px; align-items: center;\">\n<div>\n<div style=\"background-color: #f4f4f4; border-radius: 50%; height: 12.5px; width: 12.5px; transform: translateX(0px) translateY(7px);\"><\/div>\n<div style=\"background-color: #f4f4f4; height: 12.5px; transform: rotate(-45deg) translateX(3px) translateY(1px); width: 12.5px; flex-grow: 0; margin-right: 14px; margin-left: 2px;\"><\/div>\n<div style=\"background-color: #f4f4f4; border-radius: 50%; height: 12.5px; width: 12.5px; transform: translateX(9px) translateY(-18px);\"><\/div>\n<\/div>\n<div style=\"margin-left: 8px;\">\n<div style=\"background-color: #f4f4f4; border-radius: 50%; flex-grow: 0; height: 20px; width: 20px;\"><\/div>\n<div style=\"width: 0; height: 0; border-top: 2px solid transparent; border-left: 6px solid #f4f4f4; border-bottom: 2px solid transparent; transform: translateX(16px) translateY(-4px) rotate(30deg);\"><\/div>\n<\/div>\n<div style=\"margin-left: auto;\">\n<div style=\"width: 0px; border-top: 8px solid #F4F4F4; border-right: 8px solid transparent; transform: translateY(16px);\"><\/div>\n<div style=\"background-color: #f4f4f4; flex-grow: 0; height: 12px; width: 16px; transform: translateY(-4px);\"><\/div>\n<div style=\"width: 0; height: 0; border-top: 8px solid #F4F4F4; border-left: 8px solid transparent; transform: translateY(-4px) translateX(8px);\"><\/div>\n<\/div>\n<\/div>\n<div style=\"display: flex; flex-direction: column; flex-grow: 1; justify-content: center; margin-bottom: 24px;\">\n<div style=\"background-color: #f4f4f4; border-radius: 4px; flex-grow: 0; height: 14px; margin-bottom: 6px; width: 224px;\"><\/div>\n<div style=\"background-color: #f4f4f4; border-radius: 4px; flex-grow: 0; height: 14px; width: 144px;\"><\/div>\n<\/div>\n<p>&nbsp;<\/p>\n<p style=\"color: #c9c8cd; font-family: Arial,sans-serif; font-size: 14px; line-height: 17px; margin-bottom: 0; margin-top: 8px; overflow: hidden; padding: 8px 0 7px; text-align: center; text-overflow: ellipsis; white-space: nowrap;\"><a style=\"color: #c9c8cd; font-family: Arial,sans-serif; font-size: 14px; font-style: normal; font-weight: normal; line-height: 17px; text-decoration: none;\" href=\"https:\/\/www.instagram.com\/reel\/CfwOT0aA_nv\/?utm_source=ig_embed&amp;utm_campaign=loading\" target=\"_blank\" rel=\"noopener\">Una publicaci\u00f3n compartida por Central de Noticias Olavarr\u00eda (@cdnolavarria)<\/a><\/p>\n<\/div>\n<\/blockquote>\n<p><script async src=\"\/\/www.instagram.com\/embed.js\"><\/script><\/p>\n<p>&nbsp;<\/p>\n<p>Antes de realizar la recorrida por las nuevas instalaciones, <strong>se hizo entrega de tres camionetas 0 km para uso general del Hospital, traslados de baja complejidad y Direcci\u00f3n de Bromatolog\u00eda<\/strong>.\u00a0 En dicha oportunidad, el intendente Ezequiel Galli hizo entrega de las llaves de los nuevos veh\u00edculos al secretario de Salud Germ\u00e1n Caputo. En este caso se mencion\u00f3 <strong>una inversi\u00f3n de unos 11 millones de pesos<\/strong> para la adquisici\u00f3n de los rodados.<\/p>\n<p>&nbsp;<\/p>\n<p>Por \u00faltimo, cabe se\u00f1alar que tras la recorrida por las instalaciones el jefe comunal aprovech\u00f3 la ocasi\u00f3n y recibi\u00f3 una dosis de vacuna antigripal.<\/p>\n","protected":false},"excerpt":{"rendered":"<p>Ezequiel Galli inaugur\u00f3 la sede y aprovech\u00f3 la ocasi\u00f3n: recibi\u00f3 la dosis de antigripal. Se accede desde calle Rivadavia, es<\/p>\n","protected":false},"author":4,"featured_media":59559,"comment_status":"closed","ping_status":"closed","sticky":false,"template":"","format":"standard","meta":{"_jetpack_memberships_contains_paid_content":false,"footnotes":""},"categories":[5,1],"tags":[],"class_list":["post-59556","post","type-post","status-publish","format-standard","has-post-thumbnail","hentry","category-informacion-general","category-portada"],"jetpack_featured_media_url":"https:\/\/i0.wp.com\/cdnoticias.com\/wp-content\/uploads\/2022\/07\/vacunatorio-inauguacion-00.jpg?fit=800%2C445&ssl=1","jetpack_sharing_enabled":true,"_links":{"self":[{"href":"https:\/\/cdnoticias.com\/index.php\/wp-json\/wp\/v2\/posts\/59556","targetHints":{"allow":["GET"]}}],"collection":[{"href":"https:\/\/cdnoticias.com\/index.php\/wp-json\/wp\/v2\/posts"}],"about":[{"href":"https:\/\/cdnoticias.com\/index.php\/wp-json\/wp\/v2\/types\/post"}],"author":[{"embeddable":true,"href":"https:\/\/cdnoticias.com\/index.php\/wp-json\/wp\/v2\/users\/4"}],"replies":[{"embeddable":true,"href":"https:\/\/cdnoticias.com\/index.php\/wp-json\/wp\/v2\/comments?post=59556"}],"version-history":[{"count":0,"href":"https:\/\/cdnoticias.com\/index.php\/wp-json\/wp\/v2\/posts\/59556\/revisions"}],"wp:featuredmedia":[{"embeddable":true,"href":"https:\/\/cdnoticias.com\/index.php\/wp-json\/wp\/v2\/media\/59559"}],"wp:attachment":[{"href":"https:\/\/cdnoticias.com\/index.php\/wp-json\/wp\/v2\/media?parent=59556"}],"wp:term":[{"taxonomy":"category","embeddable":true,"href":"https:\/\/cdnoticias.com\/index.php\/wp-json\/wp\/v2\/categories?post=59556"},{"taxonomy":"post_tag","embeddable":true,"href":"https:\/\/cdnoticias.com\/index.php\/wp-json\/wp\/v2\/tags?post=59556"}],"curies":[{"name":"wp","href":"https:\/\/api.w.org\/{rel}","templated":true}]}}