{"id":59542,"date":"2022-07-08T09:43:14","date_gmt":"2022-07-08T12:43:14","guid":{"rendered":"https:\/\/www.centraldenoticias.com.ar\/?p=59542"},"modified":"2022-07-08T09:46:50","modified_gmt":"2022-07-08T12:46:50","slug":"la-ordenanza-de-aumento-de-boleto-ya-se-envio-al-ejecutivo","status":"publish","type":"post","link":"https:\/\/cdnoticias.com\/index.php\/2022\/07\/08\/la-ordenanza-de-aumento-de-boleto-ya-se-envio-al-ejecutivo\/","title":{"rendered":"La ordenanza de aumento de boleto ya se envi\u00f3 al Ejecutivo"},"content":{"rendered":"<p>Lo inform\u00f3 la Presidencia del HCD este viernes. A 24 horas de la aprobaci\u00f3n en el Concejo, se apuran los tiempos para la promulgaci\u00f3n.<!--more--><\/p>\n<hr \/>\n<p><a href=\"https:\/\/cdnoticias.com\/index.php\/2022\/07\/07\/se-aprobo-en-el-concejo-deliberante-el-boleto-de-tu-bus-aumentara-a-6140\/\" target=\"_blank\" rel=\"noopener\">La ordenanza de aumento de boleto que se aprob\u00f3 este jueves<\/a> en el Concejo Deliberante, ya se envi\u00f3 al Ejecutivo.<\/p>\n<p>&nbsp;<\/p>\n<blockquote><p>\u201cLa presidente, Cecilia Krivochen junto a la secretaria legislativa, Margarita Arregui elevaron al Ejecutivo Municipal la ordenanza 4922\/22 que dispone actualizaci\u00f3n de la tarifa de Tu Bus, sancionada en la novena sesi\u00f3n del HCD\u201d se inform\u00f3 desde el Concejo Deliberante en la ma\u00f1ana de este viernes.<\/p><\/blockquote>\n<p>&nbsp;<\/p>\n<p><img data-recalc-dims=\"1\" loading=\"lazy\" decoding=\"async\" class=\"size-full wp-image-59543 aligncenter\" src=\"https:\/\/i0.wp.com\/cdnoticias.com\/wp-content\/uploads\/2022\/07\/HCD-cecilia-krivochen-margarita-arregui-B.jpg?resize=800%2C445&#038;ssl=1\" alt=\"\" width=\"800\" height=\"445\" srcset=\"https:\/\/i0.wp.com\/cdnoticias.com\/wp-content\/uploads\/2022\/07\/HCD-cecilia-krivochen-margarita-arregui-B.jpg?w=800&amp;ssl=1 800w, https:\/\/i0.wp.com\/cdnoticias.com\/wp-content\/uploads\/2022\/07\/HCD-cecilia-krivochen-margarita-arregui-B.jpg?resize=300%2C167&amp;ssl=1 300w, https:\/\/i0.wp.com\/cdnoticias.com\/wp-content\/uploads\/2022\/07\/HCD-cecilia-krivochen-margarita-arregui-B.jpg?resize=768%2C427&amp;ssl=1 768w\" sizes=\"auto, (max-width: 800px) 100vw, 800px\" \/><\/p>\n<p>&nbsp;<\/p>\n<p>De esta manera, a 24 horas de la aprobaci\u00f3n en el Concejo<strong> se apuran los tiempos para la promulgaci\u00f3n de la normativa<\/strong> que establece la suba de 85% de la tarifa: el boleto urbano <strong>pasar\u00e1 a costar 61,40 pesos<\/strong>. Es que la semana pr\u00f3xima el Legislativo entrar\u00e1 en receso por dos semanas, con lo cual no habr\u00e1 actividad administrativa.<\/p>\n<p>&nbsp;<\/p>\n<p>Cabe aclarar que para su implementaci\u00f3n efectiva, adem\u00e1s de la promulgaci\u00f3n de la ordenanza por parte del Intendente, <strong>se requiere la intervenci\u00f3n del sistema SUBE para modificar el importe en las validadoras de los micros<\/strong> lo cual demanda al menos un mes de gesti\u00f3n en el sistema nacional.<\/p>\n","protected":false},"excerpt":{"rendered":"<p>Lo inform\u00f3 la Presidencia del HCD este viernes. A 24 horas de la aprobaci\u00f3n en el Concejo, se apuran los<\/p>\n","protected":false},"author":4,"featured_media":59544,"comment_status":"closed","ping_status":"closed","sticky":false,"template":"","format":"standard","meta":{"_jetpack_memberships_contains_paid_content":false,"footnotes":""},"categories":[4,1],"tags":[],"class_list":["post-59542","post","type-post","status-publish","format-standard","has-post-thumbnail","hentry","category-politica","category-portada"],"jetpack_featured_media_url":"https:\/\/i0.wp.com\/cdnoticias.com\/wp-content\/uploads\/2022\/07\/HCD-cecilia-krivochen-margarita-arregui-A.jpg?fit=800%2C445&ssl=1","jetpack_sharing_enabled":true,"_links":{"self":[{"href":"https:\/\/cdnoticias.com\/index.php\/wp-json\/wp\/v2\/posts\/59542","targetHints":{"allow":["GET"]}}],"collection":[{"href":"https:\/\/cdnoticias.com\/index.php\/wp-json\/wp\/v2\/posts"}],"about":[{"href":"https:\/\/cdnoticias.com\/index.php\/wp-json\/wp\/v2\/types\/post"}],"author":[{"embeddable":true,"href":"https:\/\/cdnoticias.com\/index.php\/wp-json\/wp\/v2\/users\/4"}],"replies":[{"embeddable":true,"href":"https:\/\/cdnoticias.com\/index.php\/wp-json\/wp\/v2\/comments?post=59542"}],"version-history":[{"count":0,"href":"https:\/\/cdnoticias.com\/index.php\/wp-json\/wp\/v2\/posts\/59542\/revisions"}],"wp:featuredmedia":[{"embeddable":true,"href":"https:\/\/cdnoticias.com\/index.php\/wp-json\/wp\/v2\/media\/59544"}],"wp:attachment":[{"href":"https:\/\/cdnoticias.com\/index.php\/wp-json\/wp\/v2\/media?parent=59542"}],"wp:term":[{"taxonomy":"category","embeddable":true,"href":"https:\/\/cdnoticias.com\/index.php\/wp-json\/wp\/v2\/categories?post=59542"},{"taxonomy":"post_tag","embeddable":true,"href":"https:\/\/cdnoticias.com\/index.php\/wp-json\/wp\/v2\/tags?post=59542"}],"curies":[{"name":"wp","href":"https:\/\/api.w.org\/{rel}","templated":true}]}}