{"id":59533,"date":"2022-07-08T08:18:54","date_gmt":"2022-07-08T11:18:54","guid":{"rendered":"https:\/\/www.centraldenoticias.com.ar\/?p=59533"},"modified":"2022-07-08T08:18:54","modified_gmt":"2022-07-08T11:18:54","slug":"la-noche-de-los-reyes-en-el-ciclo-cine-cafe-de-la-alianza-francesa","status":"publish","type":"post","link":"https:\/\/cdnoticias.com\/index.php\/2022\/07\/08\/la-noche-de-los-reyes-en-el-ciclo-cine-cafe-de-la-alianza-francesa\/","title":{"rendered":"\u201cLa noche de los reyes\u201d en el ciclo Cine Caf\u00e9 de la Alianza Francesa"},"content":{"rendered":"<p>El film se proyectar\u00e1 este viernes a las 20.30 en la sede de Dorrego 3161.<!--more--><\/p>\n<hr \/>\n<p><strong>Este viernes vuelve el ciclo Cine Caf\u00e9 de la Alianza Francesa<\/strong>, desde las 20.30 en la sede de Dorrego 3161.<\/p>\n<p>&nbsp;<\/p>\n<p>Se proyectar\u00e1 el drama multipremiado <strong>&#8220;La noche de los reyes\/la nuit des rois&#8221;<\/strong>. Una producci\u00f3n de Costa de Marfil, Canad\u00e1, Francia y Senegal, del a\u00f1o 2020. De 93 minutos de duraci\u00f3n y dirigido por Philippe Lac\u00f4te.<\/p>\n<p>&nbsp;<\/p>\n<p>Durante la pel\u00edcula <strong>se podr\u00e1 degustar de un caf\u00e9 acompa\u00f1ado con bocaditos dulces<\/strong>.\u00a0Bono contribuci\u00f3n: 250 pesos.<\/p>\n<p>&nbsp;<\/p>\n<p><img data-recalc-dims=\"1\" loading=\"lazy\" decoding=\"async\" class=\"aligncenter wp-image-59534\" src=\"https:\/\/i0.wp.com\/cdnoticias.com\/wp-content\/uploads\/2022\/07\/Cine.-Alianza-Francesa-Olavarria-1024x1024.png?resize=450%2C450&#038;ssl=1\" alt=\"\" width=\"450\" height=\"450\" \/><\/p>\n<p>&nbsp;<\/p>\n<p><strong>INFO:<\/strong><\/p>\n<p>T\u00edtulo original: La Nuit des rois<\/p>\n<p>A\u00f1o: 2020. Duraci\u00f3n: 93 min.<\/p>\n<p>Pa\u00eds: Costa de Marfil, Canad\u00e1, Francia, Senegal<\/p>\n<p>Direcci\u00f3n: Philippe Lac\u00f4te<\/p>\n<p>Guion: Philippe Lac\u00f4te<\/p>\n<p>M\u00fasica: Olivier Alary<\/p>\n<p>Fotograf\u00eda: Tobie Marier-Robitaille<\/p>\n<p>Reparto: Kon\u00e9 Bakary, Steve Tientcheu, Rasman\u00e9 Ou\u00e9draogo, Issaka Sawadogo, Digbeu Jean Cyrille, Abdoul Karim Konat\u00e9, Anzian Marcel, Laetitia Ky, Denis Lavant<\/p>\n<p>G\u00e9nero: Drama<\/p>\n<p>Sinopsis: <em>Un hombre es enviado a la MACA, una prisi\u00f3n costamarfile\u00f1a en medio del bosque regida por los propios presos. Siguiendo la tradici\u00f3n, con la primera luna roja, el jefe le designa como el nuevo \u00abRoman\u00bb (\u201cNovela\u201d), por lo que debe contar una historia para el resto de prisioneros. Al enterarse de que el destino le ha elegido, empieza a narrar la vida del legendario bandolero Zama King, pero el relato debe durar hasta el amanecer<\/em>.<\/p>\n<p>&nbsp;<\/p>\n<p>Premios:<\/p>\n<p>2020: Toronto Int. Film Festival, (Premio Amplify Voices)<\/p>\n<p>2020: National Board of Review (NBR): Mejores pel\u00edculas extranjeras del a\u00f1o<\/p>\n<p>2020: Premios Independent Spirit: (Nominada a mejor pel\u00edcula extranjera)<\/p>\n<p>2020: Festival internacional de Chicago: (Mejor fotograf\u00eda, mejor sonido)<\/p>\n<p>2020: Festival Int. du Film Francophone de Namur, B\u00e9lgica, (Menci\u00f3n Especial)<\/p>\n<p>2020: Cinemania, Canada, (Mejor Coproducci\u00f3n)<\/p>\n<p>2020: Thessaloniki Int. Film Festival, Grecia, (Mejor Direcci\u00f3n)<\/p>\n<p>2021: Int. Film Festival Rotterdam, Holanda, (Premio Jurado Joven)<\/p>\n<p>2021: NAACP Image Awards, EE UU (Mejor Pel\u00edcula Internacional)<\/p>\n","protected":false},"excerpt":{"rendered":"<p>El film se proyectar\u00e1 este viernes a las 20.30 en la sede de Dorrego 3161.<\/p>\n","protected":false},"author":4,"featured_media":59535,"comment_status":"closed","ping_status":"closed","sticky":false,"template":"","format":"standard","meta":{"_jetpack_memberships_contains_paid_content":false,"footnotes":""},"categories":[9,1],"tags":[],"class_list":["post-59533","post","type-post","status-publish","format-standard","has-post-thumbnail","hentry","category-cultura","category-portada"],"jetpack_featured_media_url":"https:\/\/i0.wp.com\/cdnoticias.com\/wp-content\/uploads\/2022\/07\/night-of-the-kings-800.jpg?fit=800%2C400&ssl=1","jetpack_sharing_enabled":true,"_links":{"self":[{"href":"https:\/\/cdnoticias.com\/index.php\/wp-json\/wp\/v2\/posts\/59533","targetHints":{"allow":["GET"]}}],"collection":[{"href":"https:\/\/cdnoticias.com\/index.php\/wp-json\/wp\/v2\/posts"}],"about":[{"href":"https:\/\/cdnoticias.com\/index.php\/wp-json\/wp\/v2\/types\/post"}],"author":[{"embeddable":true,"href":"https:\/\/cdnoticias.com\/index.php\/wp-json\/wp\/v2\/users\/4"}],"replies":[{"embeddable":true,"href":"https:\/\/cdnoticias.com\/index.php\/wp-json\/wp\/v2\/comments?post=59533"}],"version-history":[{"count":0,"href":"https:\/\/cdnoticias.com\/index.php\/wp-json\/wp\/v2\/posts\/59533\/revisions"}],"wp:featuredmedia":[{"embeddable":true,"href":"https:\/\/cdnoticias.com\/index.php\/wp-json\/wp\/v2\/media\/59535"}],"wp:attachment":[{"href":"https:\/\/cdnoticias.com\/index.php\/wp-json\/wp\/v2\/media?parent=59533"}],"wp:term":[{"taxonomy":"category","embeddable":true,"href":"https:\/\/cdnoticias.com\/index.php\/wp-json\/wp\/v2\/categories?post=59533"},{"taxonomy":"post_tag","embeddable":true,"href":"https:\/\/cdnoticias.com\/index.php\/wp-json\/wp\/v2\/tags?post=59533"}],"curies":[{"name":"wp","href":"https:\/\/api.w.org\/{rel}","templated":true}]}}