{"id":5953,"date":"2020-11-08T17:11:59","date_gmt":"2020-11-08T20:11:59","guid":{"rendered":"http:\/\/www.centraldenoticias.com.ar\/?p=5953"},"modified":"2020-11-08T20:42:56","modified_gmt":"2020-11-08T23:42:56","slug":"sumaran-un-helicoptero-a-la-busqueda-de-jonatan-torres","status":"publish","type":"post","link":"https:\/\/cdnoticias.com\/index.php\/2020\/11\/08\/sumaran-un-helicoptero-a-la-busqueda-de-jonatan-torres\/","title":{"rendered":"Sumar\u00e1n un helic\u00f3ptero a la b\u00fasqueda de Jonatan Torres"},"content":{"rendered":"<p>As\u00ed fue confiado a Central de Noticias por fuentes ligadas a la investigaci\u00f3n. Este domingo se cumple una semana de la desaparici\u00f3n del joven de 20 a\u00f1os.<\/p>\n<p><!--more--><\/p>\n<hr \/>\n<p>Se cumple exactamente una semana de la \u00faltima vez que fue visto<a href=\"https:\/\/cdnoticias.com\/index.php\/2020\/11\/02\/buscan-desesperadamente-a-un-joven-de-20-anos-en-olavarria\/\" target=\"_blank\" rel=\"noopener\"> Jonatan Torres<\/a>. Fue en una helader\u00eda ubicada sobre avenida Col\u00f3n y Leal, donde el joven azule\u00f1o trabajaba. Desde all\u00ed, seg\u00fan se investiga, habr\u00eda retornado a su domicilio en el barrio San Vicente y luego tomado su bicicleta con destino incierto. <a href=\"https:\/\/cdnoticias.com\/index.php\/2020\/11\/02\/busqueda-de-jonatan-pedido-urgente-de-colaboracion-a-la-comunidad\/\" target=\"_blank\" rel=\"noopener\">S\u00f3lo la aproximaci\u00f3n obtenida por canes y c\u00e1maras con direcci\u00f3n hacia Loma Negra es el \u00fanico rastro que se tiene desde hace ya varios d\u00edas<\/a>.<\/p>\n<p>&nbsp;<\/p>\n<p><img data-recalc-dims=\"1\" loading=\"lazy\" decoding=\"async\" class=\"alignnone size-full wp-image-5411\" src=\"https:\/\/i0.wp.com\/cdnoticias.com\/wp-content\/uploads\/2020\/11\/WhatsApp-Image-2020-11-02-at-08.46.31-1.jpeg?resize=644%2C387&#038;ssl=1\" alt=\"\" width=\"644\" height=\"387\" srcset=\"https:\/\/i0.wp.com\/cdnoticias.com\/wp-content\/uploads\/2020\/11\/WhatsApp-Image-2020-11-02-at-08.46.31-1.jpeg?w=644&amp;ssl=1 644w, https:\/\/i0.wp.com\/cdnoticias.com\/wp-content\/uploads\/2020\/11\/WhatsApp-Image-2020-11-02-at-08.46.31-1.jpeg?resize=300%2C180&amp;ssl=1 300w\" sizes=\"auto, (max-width: 644px) 100vw, 644px\" \/><\/p>\n<p>&nbsp;<\/p>\n<p>Este domingo las tareas no se detuvieron. Tal cual se confi\u00f3 a este portal, <strong>todas las seccionales del partido de Olavarr\u00eda tuvieron la directiva de continuar con las b\u00fasquedas y averiguaciones en sus respectivas jurisdicciones, con el \u00e9nfasis en lugares descampados y que suelan ser frecuentados con ciclistas<\/strong>, tal cual era el pasatiempo de Jonatan en sus tiempos libres.<\/p>\n<p>&nbsp;<\/p>\n<p><img data-recalc-dims=\"1\" loading=\"lazy\" decoding=\"async\" class=\"size-large wp-image-5570\" src=\"https:\/\/i0.wp.com\/cdnoticias.com\/wp-content\/uploads\/2020\/11\/WhatsApp-Image-2020-11-03-at-14.45.23.jpeg?resize=800%2C450&#038;ssl=1\" alt=\"\" width=\"800\" height=\"450\" srcset=\"https:\/\/i0.wp.com\/cdnoticias.com\/wp-content\/uploads\/2020\/11\/WhatsApp-Image-2020-11-03-at-14.45.23.jpeg?resize=1024%2C576&amp;ssl=1 1024w, https:\/\/i0.wp.com\/cdnoticias.com\/wp-content\/uploads\/2020\/11\/WhatsApp-Image-2020-11-03-at-14.45.23.jpeg?resize=300%2C169&amp;ssl=1 300w, https:\/\/i0.wp.com\/cdnoticias.com\/wp-content\/uploads\/2020\/11\/WhatsApp-Image-2020-11-03-at-14.45.23.jpeg?resize=768%2C432&amp;ssl=1 768w, https:\/\/i0.wp.com\/cdnoticias.com\/wp-content\/uploads\/2020\/11\/WhatsApp-Image-2020-11-03-at-14.45.23.jpeg?w=1280&amp;ssl=1 1280w\" sizes=\"auto, (max-width: 800px) 100vw, 800px\" \/><\/p>\n<p>&nbsp;<\/p>\n<p>Canteras, cavas inundadas, espejos de agua, construcciones antiguas,<strong> todos aquellos sitios que por su atractivo caracter\u00edstico suelen ser parte de la hoja de ruta de ciclistas aficionados son los que han marcado el itinerario de la b\u00fasqueda durante la \u00faltima semana<\/strong>.<\/p>\n<p>&nbsp;<\/p>\n<p><img data-recalc-dims=\"1\" loading=\"lazy\" decoding=\"async\" class=\"alignnone size-large wp-image-5569\" src=\"https:\/\/i0.wp.com\/cdnoticias.com\/wp-content\/uploads\/2020\/11\/WhatsApp-Image-2020-11-03-at-14.45.24.jpeg?resize=800%2C600&#038;ssl=1\" alt=\"\" width=\"800\" height=\"600\" srcset=\"https:\/\/i0.wp.com\/cdnoticias.com\/wp-content\/uploads\/2020\/11\/WhatsApp-Image-2020-11-03-at-14.45.24.jpeg?resize=1024%2C768&amp;ssl=1 1024w, https:\/\/i0.wp.com\/cdnoticias.com\/wp-content\/uploads\/2020\/11\/WhatsApp-Image-2020-11-03-at-14.45.24.jpeg?resize=300%2C225&amp;ssl=1 300w, https:\/\/i0.wp.com\/cdnoticias.com\/wp-content\/uploads\/2020\/11\/WhatsApp-Image-2020-11-03-at-14.45.24.jpeg?resize=768%2C576&amp;ssl=1 768w, https:\/\/i0.wp.com\/cdnoticias.com\/wp-content\/uploads\/2020\/11\/WhatsApp-Image-2020-11-03-at-14.45.24.jpeg?w=1280&amp;ssl=1 1280w\" sizes=\"auto, (max-width: 800px) 100vw, 800px\" \/><\/p>\n<p>&nbsp;<\/p>\n<p>Adem\u00e1s de los rastrillajes llevados a cabo por los agentes policiales, se cont\u00f3 con el aporte de otras dependencias para ampliar la b\u00fasqueda sobre agua y aire. Ahora, tal cual se lo confi\u00f3 a <em><strong>Central de Noticias<\/strong><\/em>, se profundizar\u00e1 sobre esto \u00faltimo a partir del<strong> arribo de un helic\u00f3ptero del \u00e1rea de operaciones de vuelo del Ministerio de Seguridad de la Provincia de Buenos Aires para colaborar con la b\u00fasqueda, seg\u00fan se a\u00f1adi\u00f3.<\/strong><\/p>\n<p>&nbsp;<\/p>\n<p><img data-recalc-dims=\"1\" loading=\"lazy\" decoding=\"async\" class=\"alignnone size-large wp-image-5874\" src=\"https:\/\/i0.wp.com\/cdnoticias.com\/wp-content\/uploads\/2020\/11\/WhatsApp-Image-2020-11-06-at-7.52.34-PM.jpeg?resize=800%2C450&#038;ssl=1\" alt=\"\" width=\"800\" height=\"450\" srcset=\"https:\/\/i0.wp.com\/cdnoticias.com\/wp-content\/uploads\/2020\/11\/WhatsApp-Image-2020-11-06-at-7.52.34-PM.jpeg?resize=1024%2C576&amp;ssl=1 1024w, https:\/\/i0.wp.com\/cdnoticias.com\/wp-content\/uploads\/2020\/11\/WhatsApp-Image-2020-11-06-at-7.52.34-PM.jpeg?resize=300%2C169&amp;ssl=1 300w, https:\/\/i0.wp.com\/cdnoticias.com\/wp-content\/uploads\/2020\/11\/WhatsApp-Image-2020-11-06-at-7.52.34-PM.jpeg?resize=768%2C432&amp;ssl=1 768w, https:\/\/i0.wp.com\/cdnoticias.com\/wp-content\/uploads\/2020\/11\/WhatsApp-Image-2020-11-06-at-7.52.34-PM.jpeg?w=1280&amp;ssl=1 1280w\" sizes=\"auto, (max-width: 800px) 100vw, 800px\" \/><\/p>\n<p>&nbsp;<\/p>\n<p>Vale recordar que <strong>la causa permanece caratulada como \u201caveriguaci\u00f3n de paradero\u201d, con la direcci\u00f3n de la fiscal en\u00a0 turno, la doctora Mar\u00eda Paula Serrano de la UFI 4<\/strong>. Adem\u00e1s de las tareas de b\u00fasqueda encabezada por el comisario Roberto Landoni, titular de la Estaci\u00f3n de Polic\u00eda Departamental Olavarr\u00eda, otra serie de pesquisas y averiguaciones son llevadas a cabo de manera complementaria desde la SubDDI local.<\/p>\n","protected":false},"excerpt":{"rendered":"<p>As\u00ed fue confiado a Central de Noticias por fuentes ligadas a la investigaci\u00f3n. Este domingo se cumple una semana de<\/p>\n","protected":false},"author":3,"featured_media":5954,"comment_status":"closed","ping_status":"closed","sticky":false,"template":"","format":"standard","meta":{"_jetpack_memberships_contains_paid_content":false,"footnotes":""},"categories":[5,1],"tags":[],"class_list":["post-5953","post","type-post","status-publish","format-standard","has-post-thumbnail","hentry","category-informacion-general","category-portada"],"jetpack_featured_media_url":"https:\/\/i0.wp.com\/cdnoticias.com\/wp-content\/uploads\/2020\/11\/104958922_2975294185853826_6794698662407173341_o-e1604864799386.jpg?fit=2043%2C1075&ssl=1","jetpack_sharing_enabled":true,"_links":{"self":[{"href":"https:\/\/cdnoticias.com\/index.php\/wp-json\/wp\/v2\/posts\/5953","targetHints":{"allow":["GET"]}}],"collection":[{"href":"https:\/\/cdnoticias.com\/index.php\/wp-json\/wp\/v2\/posts"}],"about":[{"href":"https:\/\/cdnoticias.com\/index.php\/wp-json\/wp\/v2\/types\/post"}],"author":[{"embeddable":true,"href":"https:\/\/cdnoticias.com\/index.php\/wp-json\/wp\/v2\/users\/3"}],"replies":[{"embeddable":true,"href":"https:\/\/cdnoticias.com\/index.php\/wp-json\/wp\/v2\/comments?post=5953"}],"version-history":[{"count":0,"href":"https:\/\/cdnoticias.com\/index.php\/wp-json\/wp\/v2\/posts\/5953\/revisions"}],"wp:featuredmedia":[{"embeddable":true,"href":"https:\/\/cdnoticias.com\/index.php\/wp-json\/wp\/v2\/media\/5954"}],"wp:attachment":[{"href":"https:\/\/cdnoticias.com\/index.php\/wp-json\/wp\/v2\/media?parent=5953"}],"wp:term":[{"taxonomy":"category","embeddable":true,"href":"https:\/\/cdnoticias.com\/index.php\/wp-json\/wp\/v2\/categories?post=5953"},{"taxonomy":"post_tag","embeddable":true,"href":"https:\/\/cdnoticias.com\/index.php\/wp-json\/wp\/v2\/tags?post=5953"}],"curies":[{"name":"wp","href":"https:\/\/api.w.org\/{rel}","templated":true}]}}