{"id":59516,"date":"2022-07-07T19:48:22","date_gmt":"2022-07-07T22:48:22","guid":{"rendered":"https:\/\/www.centraldenoticias.com.ar\/?p=59516"},"modified":"2022-07-07T19:48:22","modified_gmt":"2022-07-07T22:48:22","slug":"por-iniciativa-del-foro-olavarria-fr-el-hcd-declaro-de-interes-municipal-el-recital-de-skay-en-olavarria","status":"publish","type":"post","link":"https:\/\/cdnoticias.com\/index.php\/2022\/07\/07\/por-iniciativa-del-foro-olavarria-fr-el-hcd-declaro-de-interes-municipal-el-recital-de-skay-en-olavarria\/","title":{"rendered":"Por iniciativa del Foro Olavarr\u00eda &#8211; FR, el HCD declar\u00f3 de Inter\u00e9s Municipal el recital de Skay en Olavarr\u00eda"},"content":{"rendered":"<p>El reconocimiento tambi\u00e9n estuvo dirigido a la trayectoria del m\u00fasico Skay Belinson y \u201cLa Negra Poli\u201d. Fue aprobado por unanimidad en la novena sesi\u00f3n ordinaria del Concejo Deliberante, realizada este jueves.<!--more--><\/p>\n<hr \/>\n<p>&nbsp;<\/p>\n<p>Mediante una iniciativa del bloque Foro Olavarr\u00eda &#8211; Frente Renovador<strong>,<\/strong> en el interbloque Frente de Todos, el <strong>Concejo Deliberante declar\u00f3 de Inter\u00e9s Municipal el recital que Skay Beilinson<\/strong> brindar\u00e1 en nuestra ciudad este <strong>s\u00e1bado 9 de julio en el Maxigimnasio del Club Estudiantes<\/strong>. El proyecto fue tratado en la novena sesi\u00f3n ordinaria del HCD, realizada este jueves, y fue aprobado por unanimidad.<\/p>\n<p>&nbsp;<\/p>\n<p><strong>Eduardo &#8220;Skay&#8221; Beilinson<\/strong>, emblem\u00e1tico m\u00fasico y guitarrista de la hist\u00f3rica banda <strong>Patricio Rey y sus Redonditos de Ricota,<\/strong> es una figura muy importante dentro de la historia del rock argentino, al tratarse de una de las partes fundadoras de \u201cPatricio Rey y sus Redonditos de Ricota\u201d, banda que supo llevar adelante con el <strong>\u201cIndio\u201d Solari y Carmen \u201cLa Negra Poli\u201d Castro.<\/strong><\/p>\n<p>&nbsp;<\/p>\n<p>Luego de la <strong>disoluci\u00f3n de \u201cLos Redondos\u201d en 2001<\/strong>, <strong>Skay comenz\u00f3 su proyecto solista,<\/strong> hoy conocido como<strong> \u201cSkay y Los Fakires\u201d<\/strong>, teniendo en su haber siete discos registrados.<\/p>\n<p>&nbsp;<\/p>\n<p><strong>Carmen \u201cLa Negra Poli\u201d Castro,<\/strong> pilar fundamental en la vida de \u201cPatricio Rey y sus Redonditos de Ricota\u201d y de la etapa solista de Skay, es una <strong>reconocida m\u00e1nager y productora musical.<\/strong> Gracias a su gran influencia dentro de \u201cLos Redondos\u201d logr\u00f3 convertirse en una importante figura dentro del rock argentino.<\/p>\n<p>&nbsp;<\/p>\n<p>Actualmente, <strong>\u201cLa Negra Poli\u201d<\/strong> contin\u00faa desarrollando su actividad dentro de la m\u00fasica representando a \u201cSkay y Los Fakires\u201d y a \u201cLa saga de Sayweke\u201d, banda que lidera Claudio Quartero, hijo de Carmen \u201cLa Negra Poli\u201d Castro.<\/p>\n","protected":false},"excerpt":{"rendered":"<p>El reconocimiento tambi\u00e9n estuvo dirigido a la trayectoria del m\u00fasico Skay Belinson y \u201cLa Negra Poli\u201d. Fue aprobado por unanimidad<\/p>\n","protected":false},"author":6,"featured_media":59517,"comment_status":"closed","ping_status":"closed","sticky":false,"template":"","format":"standard","meta":{"_jetpack_memberships_contains_paid_content":false,"footnotes":""},"categories":[9,1],"tags":[],"class_list":["post-59516","post","type-post","status-publish","format-standard","has-post-thumbnail","hentry","category-cultura","category-portada"],"jetpack_featured_media_url":"https:\/\/i0.wp.com\/cdnoticias.com\/wp-content\/uploads\/2022\/07\/Skay-Foro-Olavarria.jpg?fit=800%2C500&ssl=1","jetpack_sharing_enabled":true,"_links":{"self":[{"href":"https:\/\/cdnoticias.com\/index.php\/wp-json\/wp\/v2\/posts\/59516","targetHints":{"allow":["GET"]}}],"collection":[{"href":"https:\/\/cdnoticias.com\/index.php\/wp-json\/wp\/v2\/posts"}],"about":[{"href":"https:\/\/cdnoticias.com\/index.php\/wp-json\/wp\/v2\/types\/post"}],"author":[{"embeddable":true,"href":"https:\/\/cdnoticias.com\/index.php\/wp-json\/wp\/v2\/users\/6"}],"replies":[{"embeddable":true,"href":"https:\/\/cdnoticias.com\/index.php\/wp-json\/wp\/v2\/comments?post=59516"}],"version-history":[{"count":0,"href":"https:\/\/cdnoticias.com\/index.php\/wp-json\/wp\/v2\/posts\/59516\/revisions"}],"wp:featuredmedia":[{"embeddable":true,"href":"https:\/\/cdnoticias.com\/index.php\/wp-json\/wp\/v2\/media\/59517"}],"wp:attachment":[{"href":"https:\/\/cdnoticias.com\/index.php\/wp-json\/wp\/v2\/media?parent=59516"}],"wp:term":[{"taxonomy":"category","embeddable":true,"href":"https:\/\/cdnoticias.com\/index.php\/wp-json\/wp\/v2\/categories?post=59516"},{"taxonomy":"post_tag","embeddable":true,"href":"https:\/\/cdnoticias.com\/index.php\/wp-json\/wp\/v2\/tags?post=59516"}],"curies":[{"name":"wp","href":"https:\/\/api.w.org\/{rel}","templated":true}]}}