{"id":59511,"date":"2022-07-08T17:05:41","date_gmt":"2022-07-08T20:05:41","guid":{"rendered":"https:\/\/www.centraldenoticias.com.ar\/?p=59511"},"modified":"2022-07-08T17:05:41","modified_gmt":"2022-07-08T20:05:41","slug":"ines-creimer-no-puede-ser-que-un-joven-salga-a-divertirse-y-no-regrese-a-su-casa","status":"publish","type":"post","link":"https:\/\/cdnoticias.com\/index.php\/2022\/07\/08\/ines-creimer-no-puede-ser-que-un-joven-salga-a-divertirse-y-no-regrese-a-su-casa\/","title":{"rendered":"In\u00e9s Creimer: \u201cNo puede ser que un joven salga a divertirse y no regrese a su casa\u201d"},"content":{"rendered":"<p>As\u00ed lo indic\u00f3 la concejala del bloque Foro Olavarr\u00eda &#8211; Frente Renovador, en el interbloque Frente de Todos, en relaci\u00f3n a los hechos de violencia ocurridos el pasado fin de semana. Los dichos formaron parte de su exposici\u00f3n sobre un proyecto presentado por j\u00f3venes de Olavarr\u00eda.<!--more--><\/p>\n<hr \/>\n<p>&nbsp;<\/p>\n<p>En la novena sesi\u00f3n ordinaria del Concejo Deliberante, realizada en la ma\u00f1ana de este jueves, se trat\u00f3 un<strong> proyecto presentado por j\u00f3venes olavarrienses que apunta a generar espacios m\u00e1s inclusivos, equitativos y respetuosos de los Derechos Humanos y de la diversidad<\/strong> en \u00e1mbitos y espacios f\u00edsicos determinados del Partido de Olavarr\u00eda.<\/p>\n<p>&nbsp;<\/p>\n<p>La concejala <strong>In\u00e9s Creimer, <\/strong>del bloque Foro Olavarr\u00eda &#8211; Frente Renovador, en el interbloque Frente de Todos, fue una de las exponentes del proyecto y agradeci\u00f3 <strong>\u201ca los j\u00f3venes que nos demuestran que la juventud siempre tiene algo para decir. Es necesario que nosotros escuchemos y nos hagamos cargo<\/strong>\u201d sostuvo la edil.<\/p>\n<p>&nbsp;<\/p>\n<p>Seg\u00fan indic\u00f3 Creimer \u201cel proyecto fue un disparador y una oportunidad que tuvimos de ponernos a trabajar en conjunto\u201d. En relaci\u00f3n a esto, la concejala tambi\u00e9n agradeci\u00f3 \u201ca cada uno de los integrantes de la Comisi\u00f3n de G\u00e9nero y Diversidad del HCD, que fue el espacio donde se comenz\u00f3 a gestar el proyecto, y a cada uno de los funcionarios que aportaron su mirada generosamente\u201d.<\/p>\n<p>&nbsp;<\/p>\n<p>\u201cUna de nuestras preocupaciones era ver la manera en que pod\u00edamos hacer que esta sensibilizaci\u00f3n fuera obligatoria\u201d explic\u00f3 la edil, y agreg\u00f3 que por ese motivo \u201cnos reunimos con distintas delegaciones nacionales, municipales e instituciones de la ciudad\u201d.<\/p>\n<p>&nbsp;<\/p>\n<p>La concejala <strong>Creimer hizo menci\u00f3n a los hechos de violencia sufridos el pasado fin de semana<\/strong> a los que catalog\u00f3 como <strong>\u201cmuy tristes y que no hicieron m\u00e1s que poner a la vista de todos que estas cosas suceden.<\/strong><\/p>\n<p>&nbsp;<\/p>\n<p>&#8220;<strong>No puede ser que un joven salga a divertirse y no regrese a su casa\u201d <\/strong>afirm\u00f3. \u201cQuienes tenemos la responsabilidad de pensar pol\u00edticas p\u00fablicas y quienes tienen la responsabilidad de ejecutarlas debemos acelerar, de una vez por todas, las acciones\u201d, indic\u00f3 Creimer.<\/p>\n<p>&nbsp;<\/p>\n<p>Por \u00faltimo, la concejala manifest\u00f3 su \u201c<strong>compromiso para trabajar en lo que se pueda aportar para mejorar esta situaci\u00f3n\u201d.<\/strong><\/p>\n","protected":false},"excerpt":{"rendered":"<p>As\u00ed lo indic\u00f3 la concejala del bloque Foro Olavarr\u00eda &#8211; Frente Renovador, en el interbloque Frente de Todos, en relaci\u00f3n<\/p>\n","protected":false},"author":6,"featured_media":57964,"comment_status":"closed","ping_status":"closed","sticky":false,"template":"","format":"standard","meta":{"_jetpack_memberships_contains_paid_content":false,"footnotes":""},"categories":[4,1],"tags":[],"class_list":["post-59511","post","type-post","status-publish","format-standard","has-post-thumbnail","hentry","category-politica","category-portada"],"jetpack_featured_media_url":"https:\/\/i0.wp.com\/cdnoticias.com\/wp-content\/uploads\/2022\/06\/Ines-Creimer-Medios-Genero.jpg?fit=800%2C500&ssl=1","jetpack_sharing_enabled":true,"_links":{"self":[{"href":"https:\/\/cdnoticias.com\/index.php\/wp-json\/wp\/v2\/posts\/59511","targetHints":{"allow":["GET"]}}],"collection":[{"href":"https:\/\/cdnoticias.com\/index.php\/wp-json\/wp\/v2\/posts"}],"about":[{"href":"https:\/\/cdnoticias.com\/index.php\/wp-json\/wp\/v2\/types\/post"}],"author":[{"embeddable":true,"href":"https:\/\/cdnoticias.com\/index.php\/wp-json\/wp\/v2\/users\/6"}],"replies":[{"embeddable":true,"href":"https:\/\/cdnoticias.com\/index.php\/wp-json\/wp\/v2\/comments?post=59511"}],"version-history":[{"count":0,"href":"https:\/\/cdnoticias.com\/index.php\/wp-json\/wp\/v2\/posts\/59511\/revisions"}],"wp:featuredmedia":[{"embeddable":true,"href":"https:\/\/cdnoticias.com\/index.php\/wp-json\/wp\/v2\/media\/57964"}],"wp:attachment":[{"href":"https:\/\/cdnoticias.com\/index.php\/wp-json\/wp\/v2\/media?parent=59511"}],"wp:term":[{"taxonomy":"category","embeddable":true,"href":"https:\/\/cdnoticias.com\/index.php\/wp-json\/wp\/v2\/categories?post=59511"},{"taxonomy":"post_tag","embeddable":true,"href":"https:\/\/cdnoticias.com\/index.php\/wp-json\/wp\/v2\/tags?post=59511"}],"curies":[{"name":"wp","href":"https:\/\/api.w.org\/{rel}","templated":true}]}}