{"id":59345,"date":"2022-07-06T14:08:50","date_gmt":"2022-07-06T17:08:50","guid":{"rendered":"https:\/\/www.centraldenoticias.com.ar\/?p=59345"},"modified":"2022-07-07T08:00:07","modified_gmt":"2022-07-07T11:00:07","slug":"comenzo-la-apertura-de-calles-de-barrio-la-arana","status":"publish","type":"post","link":"https:\/\/cdnoticias.com\/index.php\/2022\/07\/06\/comenzo-la-apertura-de-calles-de-barrio-la-arana\/","title":{"rendered":"Comenz\u00f3 la apertura de calles de barrio La Ara\u00f1a"},"content":{"rendered":"<p>Es el resultado de un trabajo conjunto entre Mantenimiento Urbano y Catastro. En ese sector tambi\u00e9n se encuentra proyectada la obra de pavimentaci\u00f3n de prolongaci\u00f3n sur de calle Rivadavia.<!--more--><\/p>\n<hr \/>\n<p><strong>Desde la Secretar\u00eda de Mantenimiento y Obras P\u00fablicas se inform\u00f3 que este martes se iniciaron los trabajos de apertura de calles en el barrio La Ara\u00f1a<\/strong>, con maquinaria vial de la Municipalidad.<\/p>\n<p>&nbsp;<\/p>\n<p>Los mismos son el resultado de <strong>un trabajo conjunto entre la Direcci\u00f3n de Mantenimiento Urbano y la Direcci\u00f3n de Catastro<\/strong>, con la finalidad de mejorar el trazado urbano de calles.<\/p>\n<p>&nbsp;<\/p>\n<p>Se detall\u00f3 que desde <strong>Catastro se llev\u00f3 a cabo en primer lugar el relevamiento t\u00e9cnico para posteriormente determinar los ejes de calles<\/strong>. Una vez realizado el procedimiento de amojonamiento, personal de <strong>Mantenimiento Urbano dio comienzo a las tareas de apertura de calles<\/strong> para luego realizar el entoscado de la traza.<\/p>\n<p>&nbsp;<\/p>\n<p>Al respecto, se record\u00f3 que <strong>en el mes de junio <a href=\"https:\/\/cdnoticias.com\/index.php\/2022\/05\/16\/el-intendente-ezequiel-galli-anuncio-la-pavimentacion-en-la-prolongacion-sur-de-la-calle-rivadavia\/\" target=\"_blank\" rel=\"noopener\">se realiz\u00f3 la apertura de la licitaci\u00f3n<\/a> de la pavimentaci\u00f3n de prolongaci\u00f3n sur de calle Rivadavia<\/strong>, que beneficiar\u00e1 a familias de los barrios La Ara\u00f1a, Los Robles, Municipales, Plan Novios, Plan Abuelos y zonas aleda\u00f1as.<\/p>\n<p>&nbsp;<\/p>\n<blockquote><p>Se destac\u00f3 con ello que &#8220;en dicha zona, en los \u00faltimos a\u00f1os se ha registrado un importante crecimiento demogr\u00e1fico, por lo cual la pavimentaci\u00f3n permitir\u00e1 mejorar las condiciones de transitabilidad y de accesibilidad tanto del transporte p\u00fablico, como de las unidades asistenciales de emergencias. Estas obras proyectadas en dicho sector de la ciudad, por parte de la gesti\u00f3n del intendente Galli y que fueron incluidas en el Presupuesto 2022, tendr\u00e1n un impacto significativo en la mejora de la calidad de vida de la comunidad&#8221;.<\/p><\/blockquote>\n<p>&nbsp;<\/p>\n<p><strong>Mantenimiento en Lourdes y en calle San Lorenzo<\/strong><\/p>\n<p>&nbsp;<\/p>\n<p>Durante la jornada del mi\u00e9rcoles, adem\u00e1s de continuar los trabajos de apertura de calles en barrio La Ara\u00f1a, <strong>se inici\u00f3 la limpieza de cordones cuentas en barrio Lourdes y de banquinas en Av. Ituzaing\u00f3, a la altura del barrio San Lorenzo<\/strong>.<\/p>\n<p>&nbsp;<\/p>\n<p>Todas estas acciones forman parte del <strong>Plan de Mantenimiento Integral 2022<\/strong> que tiene por finalidad, por un lado, mejorar el estado de las calles, la transitabilidad, la accesibilidad tanto para los vecinos del sector, como as\u00ed tambi\u00e9n para el ingreso de los servicios de emergencias, y por otro, mejorar la evacuaci\u00f3n del agua, especialmente en el per\u00edodo de lluvias, cuando se originan mayores complicaciones.<\/p>\n<p>&nbsp;<\/p>\n<p>Cabe resaltar que este tipo de obras son ejecutadas con personal, recursos y equipamiento vial propio, bajo la supervisi\u00f3n de la Direcci\u00f3n de Mantenimiento Urbano.<\/p>\n","protected":false},"excerpt":{"rendered":"<p>Es el resultado de un trabajo conjunto entre Mantenimiento Urbano y Catastro. En ese sector tambi\u00e9n se encuentra proyectada la<\/p>\n","protected":false},"author":4,"featured_media":59347,"comment_status":"closed","ping_status":"closed","sticky":false,"template":"","format":"standard","meta":{"_jetpack_memberships_contains_paid_content":false,"footnotes":""},"categories":[5,1],"tags":[],"class_list":["post-59345","post","type-post","status-publish","format-standard","has-post-thumbnail","hentry","category-informacion-general","category-portada"],"jetpack_featured_media_url":"https:\/\/i0.wp.com\/cdnoticias.com\/wp-content\/uploads\/2022\/07\/Obras-Apertura-de-calles-La-Arana-1.jpeg?fit=1600%2C900&ssl=1","jetpack_sharing_enabled":true,"_links":{"self":[{"href":"https:\/\/cdnoticias.com\/index.php\/wp-json\/wp\/v2\/posts\/59345","targetHints":{"allow":["GET"]}}],"collection":[{"href":"https:\/\/cdnoticias.com\/index.php\/wp-json\/wp\/v2\/posts"}],"about":[{"href":"https:\/\/cdnoticias.com\/index.php\/wp-json\/wp\/v2\/types\/post"}],"author":[{"embeddable":true,"href":"https:\/\/cdnoticias.com\/index.php\/wp-json\/wp\/v2\/users\/4"}],"replies":[{"embeddable":true,"href":"https:\/\/cdnoticias.com\/index.php\/wp-json\/wp\/v2\/comments?post=59345"}],"version-history":[{"count":0,"href":"https:\/\/cdnoticias.com\/index.php\/wp-json\/wp\/v2\/posts\/59345\/revisions"}],"wp:featuredmedia":[{"embeddable":true,"href":"https:\/\/cdnoticias.com\/index.php\/wp-json\/wp\/v2\/media\/59347"}],"wp:attachment":[{"href":"https:\/\/cdnoticias.com\/index.php\/wp-json\/wp\/v2\/media?parent=59345"}],"wp:term":[{"taxonomy":"category","embeddable":true,"href":"https:\/\/cdnoticias.com\/index.php\/wp-json\/wp\/v2\/categories?post=59345"},{"taxonomy":"post_tag","embeddable":true,"href":"https:\/\/cdnoticias.com\/index.php\/wp-json\/wp\/v2\/tags?post=59345"}],"curies":[{"name":"wp","href":"https:\/\/api.w.org\/{rel}","templated":true}]}}