{"id":59338,"date":"2022-07-06T15:03:55","date_gmt":"2022-07-06T18:03:55","guid":{"rendered":"https:\/\/www.centraldenoticias.com.ar\/?p=59338"},"modified":"2022-07-06T15:03:55","modified_gmt":"2022-07-06T18:03:55","slug":"la-provincia-advierte-por-la-falta-de-productos-de-precios-cuidados-en-grandes-supermercados","status":"publish","type":"post","link":"https:\/\/cdnoticias.com\/index.php\/2022\/07\/06\/la-provincia-advierte-por-la-falta-de-productos-de-precios-cuidados-en-grandes-supermercados\/","title":{"rendered":"La Provincia advierte por la falta de productos de Precios Cuidados en grandes supermercados"},"content":{"rendered":"<p>\u201cEmpeora el abastecimiento de los productos\u201d sostuvo la Gobernaci\u00f3n. La fiscalizaci\u00f3n se centr\u00f3 en 19 localidades del conurbano.<!--more--><\/p>\n<hr \/>\n<p><strong>El Gobierno bonaerense advirti\u00f3 por la falta de productos de Precios Cuidados en grandes cadenas de supermercados<\/strong> en distintas localidades de la provincia de Buenos Aires.<\/p>\n<p>&nbsp;<\/p>\n<blockquote><p>En un comunicado oficial, se precis\u00f3 que durante los controles acerca del cumplimiento del programa nacional +Precios Cuidados en las grandes cadenas nacionales de consumo masivo, se detect\u00f3 que \u201cempeora el abastecimiento de los productos de Precios Cuidados en las grandes cadenas\u201d. \u201cLuego de varias semanas de observar buen cumplimiento por parte de las cadenas, se vuelven a registrar problemas en el abastecimiento de los productos de la canasta de alimentos, bebidas, higiene personal y limpieza\u201d, indicaron desde el Ministerio de Producci\u00f3n.<\/p><\/blockquote>\n<p>&nbsp;<\/p>\n<p>No obstante, se\u00f1alaron que en cuanto al <strong>cumplimiento de precios y se\u00f1alizaci\u00f3n de los productos de la canasta, \u201cse mantienen buenos indicadores\u201d.<\/strong><\/p>\n<p>&nbsp;<\/p>\n<p>Desde el gobierno se plante\u00f3 que en muchos casos las cadenas fiscalizadas -Carrefour, Changom\u00e1s, Coto, D\u00eda, Disco, Jumbo, Vea y Vital- <strong>\u201calegan falta de aprovisionamiento por parte de proveedores, quienes tambi\u00e9n est\u00e1n involucrados en el acuerdo de precios con la Secretar\u00eda de Comercio Interior\u201d.<\/strong><\/p>\n<p>&nbsp;<\/p>\n<p>Se record\u00f3 desde Producci\u00f3n que los controles se llevan a cabo en el marco del <em>Decreto de Lealtad Comercial y el R\u00e9gimen de Metrolog\u00eda Legal.<\/em><\/p>\n<p>&nbsp;<\/p>\n<p><img data-recalc-dims=\"1\" loading=\"lazy\" decoding=\"async\" class=\"size-full wp-image-59340 aligncenter\" src=\"https:\/\/i0.wp.com\/cdnoticias.com\/wp-content\/uploads\/2022\/07\/precios-cuidados-01.jpg?resize=800%2C445&#038;ssl=1\" alt=\"\" width=\"800\" height=\"445\" srcset=\"https:\/\/i0.wp.com\/cdnoticias.com\/wp-content\/uploads\/2022\/07\/precios-cuidados-01.jpg?w=800&amp;ssl=1 800w, https:\/\/i0.wp.com\/cdnoticias.com\/wp-content\/uploads\/2022\/07\/precios-cuidados-01.jpg?resize=300%2C167&amp;ssl=1 300w, https:\/\/i0.wp.com\/cdnoticias.com\/wp-content\/uploads\/2022\/07\/precios-cuidados-01.jpg?resize=768%2C427&amp;ssl=1 768w\" sizes=\"auto, (max-width: 800px) 100vw, 800px\" \/><\/p>\n<p>&nbsp;<\/p>\n<p>As\u00ed, se realizaron durante la \u00faltima semana <em>\u201cimputaciones por falta de identificaci\u00f3n de precio por litro y kilo (unidad de medida), falta de precio anterior en ofertas, y venta al peso sin r\u00f3tulo con especificaciones del contenido\u201d.<\/em><\/p>\n<p>&nbsp;<\/p>\n<p>En tanto, en materia de Metrolog\u00eda Legal <em>se inhabilitaron balanzas por deficiencias de funcionamiento y falta de chapa identificatoria.<\/em><\/p>\n<p>&nbsp;<\/p>\n<p>Los operativos de <strong>fiscalizaci\u00f3n<\/strong> se llevaron adelante en <em>Esteban Echeverr\u00eda, Quilmes, Almirante Brown, Tigre, San Isidro, Lomas de Zamora, Vicente L\u00f3pez, Ituzaing\u00f3, Lan\u00fas, Avellaneda, Florencio Varela, Ezeiza, Berazategui, Mor\u00f3n, Quilmes, La Matanza, Merlo, San Miguel y San Fernando<\/em>.<\/p>\n<p>&nbsp;<\/p>\n<p>El Decreto 274\/2019 de Lealtad Comercial busca asegurar la transparencia en la informaci\u00f3n brindada por productores y comerciantes a consumidores.<\/p>\n<p>&nbsp;<\/p>\n<blockquote><p>Entre otras cosas, establece par\u00e1metros para la comunicaci\u00f3n del precio en la g\u00f3ndola: debe poder visualizarse el precio de cada producto, debe incorporarse el precio por unidad de medida y en el caso de ofertas o promociones debe exhibirse el precio anterior para que se pueda realizar la comparaci\u00f3n al momento de la compra.<\/p><\/blockquote>\n<p>&nbsp;<\/p>\n<p><img data-recalc-dims=\"1\" loading=\"lazy\" decoding=\"async\" class=\"size-full wp-image-59341 aligncenter\" src=\"https:\/\/i0.wp.com\/cdnoticias.com\/wp-content\/uploads\/2022\/07\/precios-cuidados-02.jpg?resize=800%2C445&#038;ssl=1\" alt=\"\" width=\"800\" height=\"445\" srcset=\"https:\/\/i0.wp.com\/cdnoticias.com\/wp-content\/uploads\/2022\/07\/precios-cuidados-02.jpg?w=800&amp;ssl=1 800w, https:\/\/i0.wp.com\/cdnoticias.com\/wp-content\/uploads\/2022\/07\/precios-cuidados-02.jpg?resize=300%2C167&amp;ssl=1 300w, https:\/\/i0.wp.com\/cdnoticias.com\/wp-content\/uploads\/2022\/07\/precios-cuidados-02.jpg?resize=768%2C427&amp;ssl=1 768w\" sizes=\"auto, (max-width: 800px) 100vw, 800px\" \/><\/p>\n<p>&nbsp;<\/p>\n<p><strong>Comercios de proximidad<\/strong><\/p>\n<p>&nbsp;<\/p>\n<p>En el caso de los comercios de proximidad<strong> es muy com\u00fan encontrar precios no exhibidos o falta de claridad en el precio de cada producto<\/strong>, por lo que a las y los consumidores les resulta muy dificultoso o imposible conseguir la informaci\u00f3n relativa a precio al momento de la elecci\u00f3n del producto. Esa infracci\u00f3n es muy com\u00fan en heladeras y freezers.<\/p>\n<p>&nbsp;<\/p>\n<p>\u201cTambi\u00e9n se contin\u00faa observando que<strong> los comercios realizan fraccionamientos de alimentos y no colocan los precios de manera clara\u201d<\/strong>, se indic\u00f3, y se apunt\u00f3 que \u201cel comerciante debe etiquetar cada paquete con el peso de la fracci\u00f3n, el precio por unidad de medida y el precio de la fracci\u00f3n\u201d.<\/p>\n<p>&nbsp;<\/p>\n<p>A la vez, se record\u00f3 que la Ley 19.511, de Metrolog\u00eda Legal, busca verificar que los instrumentos de medici\u00f3n de los comercios, como por ejemplo las balanzas, se encuentren debidamente certificadas y calibradas.<\/p>\n<p>&nbsp;<\/p>\n<p>Para ello se realiza un operativo de control de cada balanza, utilizando herramientas de medici\u00f3n certificadas por la Comisi\u00f3n de Investigaciones Cient\u00edficas de la provincia de Buenos Aires (CIC).<\/p>\n<p>&nbsp;<\/p>\n<p>Fuente: <em>Agencia DIB<\/em><\/p>\n","protected":false},"excerpt":{"rendered":"<p>\u201cEmpeora el abastecimiento de los productos\u201d sostuvo la Gobernaci\u00f3n. La fiscalizaci\u00f3n se centr\u00f3 en 19 localidades del conurbano.<\/p>\n","protected":false},"author":4,"featured_media":59339,"comment_status":"closed","ping_status":"closed","sticky":false,"template":"","format":"standard","meta":{"_jetpack_memberships_contains_paid_content":false,"footnotes":""},"categories":[6],"tags":[],"class_list":["post-59338","post","type-post","status-publish","format-standard","has-post-thumbnail","hentry","category-nacionales"],"jetpack_featured_media_url":"https:\/\/i0.wp.com\/cdnoticias.com\/wp-content\/uploads\/2022\/07\/precios-cuidados-00.jpg?fit=800%2C445&ssl=1","jetpack_sharing_enabled":true,"_links":{"self":[{"href":"https:\/\/cdnoticias.com\/index.php\/wp-json\/wp\/v2\/posts\/59338","targetHints":{"allow":["GET"]}}],"collection":[{"href":"https:\/\/cdnoticias.com\/index.php\/wp-json\/wp\/v2\/posts"}],"about":[{"href":"https:\/\/cdnoticias.com\/index.php\/wp-json\/wp\/v2\/types\/post"}],"author":[{"embeddable":true,"href":"https:\/\/cdnoticias.com\/index.php\/wp-json\/wp\/v2\/users\/4"}],"replies":[{"embeddable":true,"href":"https:\/\/cdnoticias.com\/index.php\/wp-json\/wp\/v2\/comments?post=59338"}],"version-history":[{"count":0,"href":"https:\/\/cdnoticias.com\/index.php\/wp-json\/wp\/v2\/posts\/59338\/revisions"}],"wp:featuredmedia":[{"embeddable":true,"href":"https:\/\/cdnoticias.com\/index.php\/wp-json\/wp\/v2\/media\/59339"}],"wp:attachment":[{"href":"https:\/\/cdnoticias.com\/index.php\/wp-json\/wp\/v2\/media?parent=59338"}],"wp:term":[{"taxonomy":"category","embeddable":true,"href":"https:\/\/cdnoticias.com\/index.php\/wp-json\/wp\/v2\/categories?post=59338"},{"taxonomy":"post_tag","embeddable":true,"href":"https:\/\/cdnoticias.com\/index.php\/wp-json\/wp\/v2\/tags?post=59338"}],"curies":[{"name":"wp","href":"https:\/\/api.w.org\/{rel}","templated":true}]}}